{"id":29957,"date":"2020-01-16T21:46:45","date_gmt":"2020-01-16T20:46:45","guid":{"rendered":"https:\/\/test.euclide-informatiquie.fr\/?p=29957"},"modified":"2023-03-11T02:22:45","modified_gmt":"2023-03-11T01:22:45","slug":"les-reves-repetitifs-en-seance-enjeux-cliniques-et-theoriques","status":"publish","type":"post","link":"https:\/\/www.groupe-aquitain-spp.fr\/index.php\/2020\/01\/16\/les-reves-repetitifs-en-seance-enjeux-cliniques-et-theoriques\/","title":{"rendered":"Les r\u00eaves r\u00e9p\u00e9titifs en s\u00e9ance, enjeux cliniques et th\u00e9oriques"},"content":{"rendered":"\n<p>L\u2019\u00e9tude du r\u00eave, de son travail tr\u00e8s sp\u00e9cifique, de ses qualit\u00e9s et de ses fonctions est n\u00e9cessaire \u00e0 notre travail de psychanalyste. L\u2019interpr\u00e9tation n\u2019est possible qu\u2019\u00e0 partir des associations du patient et de la prise en compte du travail de r\u00eave qui est aussi qualifi\u00e9 de travail de d\u00e9formation.<\/p>\n\n\n\n<p><br>Quand le r\u00eave r\u00e9ussit sa fonction de transformer les excitations traumatiques en images de r\u00eave, il devient un accomplissement d\u2019un souhait inconscient et le gardien du sommeil. Quand le travail de r\u00eave est en difficult\u00e9, le r\u00eave devient souvent r\u00e9p\u00e9titif, il peut alors se transformer en cauchemar, en terreur, ou bien le dormeur se r\u00e9veille.<\/p>\n\n\n\n<p><br>Pourquoi les r\u00eaves se r\u00e9p\u00e8tent-ils en boucle ? Cette r\u00e9p\u00e9tition traduit la tentative de transformer les excitations pulsionnelles mais aussi l\u2019impact traumatique de leur tendance \u00e0 faire retour \u00e0 un \u00e9tat ant\u00e9rieur. Ils sont alors occup\u00e9s par la compulsion de r\u00e9p\u00e9tition.<\/p>\n\n\n\n<p><br>Dans cette conf\u00e9rence, je vous propose ainsi de nous centrer sur la probl\u00e9matique ces r\u00eaves r\u00e9currents et de l\u2019illustrer par une situation clinique emprunt\u00e9e \u00e0 ma pratique psychanalytique o\u00f9 la dimension traumatique est au premier plan.<\/p>\n","protected":false},"excerpt":{"rendered":"<p>L\u2019\u00e9tude du r\u00eave, de son travail tr\u00e8s sp\u00e9cifique, de ses qualit\u00e9s et de ses fonctions est n\u00e9cessaire \u00e0 notre travail de psychanalyste. L\u2019interpr\u00e9tation n\u2019est possible qu\u2019\u00e0 partir des associations du patient et de la prise en compte du travail de r\u00eave qui est aussi qualifi\u00e9 de travail de d\u00e9formation. Quand le r\u00eave r\u00e9ussit sa fonction [&hellip;]<\/p>\n","protected":false},"author":1,"featured_media":32108,"comment_status":"closed","ping_status":"closed","sticky":false,"template":"","format":"standard","meta":{"_acf_changed":false,"footnotes":""},"categories":[14,15],"tags":[],"cat_actsci":[],"paroles-danalyste":[],"class_list":["post-29957","post","type-post","status-publish","format-standard","has-post-thumbnail","hentry","category-conferences","category-evenements-termines"],"acf":[],"yoast_head":"<!-- This site is optimized with the Yoast SEO plugin v27.5 - https:\/\/yoast.com\/product\/yoast-seo-wordpress\/ -->\n<title>Les r\u00eaves r\u00e9p\u00e9titifs en s\u00e9ance, enjeux cliniques et th\u00e9oriques - Groupe Aquitain de la Soci\u00e9t\u00e9 Psychanalytique de Paris<\/title>\n<meta name=\"robots\" content=\"index, follow, max-snippet:-1, max-image-preview:large, max-video-preview:-1\" \/>\n<link rel=\"canonical\" href=\"https:\/\/www.groupe-aquitain-spp.fr\/index.php\/2020\/01\/16\/les-reves-repetitifs-en-seance-enjeux-cliniques-et-theoriques\/\" \/>\n<meta property=\"og:locale\" content=\"fr_FR\" \/>\n<meta property=\"og:type\" content=\"article\" \/>\n<meta property=\"og:title\" content=\"Les r\u00eaves r\u00e9p\u00e9titifs en s\u00e9ance, enjeux cliniques et th\u00e9oriques - Groupe Aquitain de la Soci\u00e9t\u00e9 Psychanalytique de Paris\" \/>\n<meta property=\"og:description\" content=\"L\u2019\u00e9tude du r\u00eave, de son travail tr\u00e8s sp\u00e9cifique, de ses qualit\u00e9s et de ses fonctions est n\u00e9cessaire \u00e0 notre travail de psychanalyste. L\u2019interpr\u00e9tation n\u2019est possible qu\u2019\u00e0 partir des associations du patient et de la prise en compte du travail de r\u00eave qui est aussi qualifi\u00e9 de travail de d\u00e9formation. Quand le r\u00eave r\u00e9ussit sa fonction [&hellip;]\" \/>\n<meta property=\"og:url\" content=\"https:\/\/www.groupe-aquitain-spp.fr\/index.php\/2020\/01\/16\/les-reves-repetitifs-en-seance-enjeux-cliniques-et-theoriques\/\" \/>\n<meta property=\"og:site_name\" content=\"Groupe Aquitain de la Soci\u00e9t\u00e9 Psychanalytique de Paris\" \/>\n<meta property=\"article:publisher\" content=\"https:\/\/www.facebook.com\/gaspp.b\" \/>\n<meta property=\"article:published_time\" content=\"2020-01-16T20:46:45+00:00\" \/>\n<meta property=\"article:modified_time\" content=\"2023-03-11T01:22:45+00:00\" \/>\n<meta property=\"og:image\" content=\"https:\/\/www.groupe-aquitain-spp.fr\/wp-content\/uploads\/2020\/01\/Capture-decran-2023-03-11-021900.png\" \/>\n\t<meta property=\"og:image:width\" content=\"765\" \/>\n\t<meta property=\"og:image:height\" content=\"434\" \/>\n\t<meta property=\"og:image:type\" content=\"image\/png\" \/>\n<meta name=\"author\" content=\"jbouanani\" \/>\n<meta name=\"twitter:card\" content=\"summary_large_image\" \/>\n<meta name=\"twitter:label1\" content=\"\u00c9crit par\" \/>\n\t<meta name=\"twitter:data1\" content=\"jbouanani\" \/>\n\t<meta name=\"twitter:label2\" content=\"Dur\u00e9e de lecture estim\u00e9e\" \/>\n\t<meta name=\"twitter:data2\" content=\"1 minute\" \/>\n<script type=\"application\/ld+json\" class=\"yoast-schema-graph\">{\"@context\":\"https:\\\/\\\/schema.org\",\"@graph\":[{\"@type\":\"Article\",\"@id\":\"https:\\\/\\\/www.groupe-aquitain-spp.fr\\\/index.php\\\/2020\\\/01\\\/16\\\/les-reves-repetitifs-en-seance-enjeux-cliniques-et-theoriques\\\/#article\",\"isPartOf\":{\"@id\":\"https:\\\/\\\/www.groupe-aquitain-spp.fr\\\/index.php\\\/2020\\\/01\\\/16\\\/les-reves-repetitifs-en-seance-enjeux-cliniques-et-theoriques\\\/\"},\"author\":{\"name\":\"jbouanani\",\"@id\":\"https:\\\/\\\/www.groupe-aquitain-spp.fr\\\/#\\\/schema\\\/person\\\/1c097bd0063afea4711b585b82a9decc\"},\"headline\":\"Les r\u00eaves r\u00e9p\u00e9titifs en s\u00e9ance, enjeux cliniques et th\u00e9oriques\",\"datePublished\":\"2020-01-16T20:46:45+00:00\",\"dateModified\":\"2023-03-11T01:22:45+00:00\",\"mainEntityOfPage\":{\"@id\":\"https:\\\/\\\/www.groupe-aquitain-spp.fr\\\/index.php\\\/2020\\\/01\\\/16\\\/les-reves-repetitifs-en-seance-enjeux-cliniques-et-theoriques\\\/\"},\"wordCount\":226,\"publisher\":{\"@id\":\"https:\\\/\\\/www.groupe-aquitain-spp.fr\\\/#organization\"},\"image\":{\"@id\":\"https:\\\/\\\/www.groupe-aquitain-spp.fr\\\/index.php\\\/2020\\\/01\\\/16\\\/les-reves-repetitifs-en-seance-enjeux-cliniques-et-theoriques\\\/#primaryimage\"},\"thumbnailUrl\":\"https:\\\/\\\/www.groupe-aquitain-spp.fr\\\/wp-content\\\/uploads\\\/2020\\\/01\\\/Capture-decran-2023-03-11-021900.png\",\"articleSection\":[\"Conf\u00e9rences\",\"Historique\"],\"inLanguage\":\"fr-FR\"},{\"@type\":\"WebPage\",\"@id\":\"https:\\\/\\\/www.groupe-aquitain-spp.fr\\\/index.php\\\/2020\\\/01\\\/16\\\/les-reves-repetitifs-en-seance-enjeux-cliniques-et-theoriques\\\/\",\"url\":\"https:\\\/\\\/www.groupe-aquitain-spp.fr\\\/index.php\\\/2020\\\/01\\\/16\\\/les-reves-repetitifs-en-seance-enjeux-cliniques-et-theoriques\\\/\",\"name\":\"Les r\u00eaves r\u00e9p\u00e9titifs en s\u00e9ance, enjeux cliniques et th\u00e9oriques - Groupe Aquitain de la Soci\u00e9t\u00e9 Psychanalytique de Paris\",\"isPartOf\":{\"@id\":\"https:\\\/\\\/www.groupe-aquitain-spp.fr\\\/#website\"},\"primaryImageOfPage\":{\"@id\":\"https:\\\/\\\/www.groupe-aquitain-spp.fr\\\/index.php\\\/2020\\\/01\\\/16\\\/les-reves-repetitifs-en-seance-enjeux-cliniques-et-theoriques\\\/#primaryimage\"},\"image\":{\"@id\":\"https:\\\/\\\/www.groupe-aquitain-spp.fr\\\/index.php\\\/2020\\\/01\\\/16\\\/les-reves-repetitifs-en-seance-enjeux-cliniques-et-theoriques\\\/#primaryimage\"},\"thumbnailUrl\":\"https:\\\/\\\/www.groupe-aquitain-spp.fr\\\/wp-content\\\/uploads\\\/2020\\\/01\\\/Capture-decran-2023-03-11-021900.png\",\"datePublished\":\"2020-01-16T20:46:45+00:00\",\"dateModified\":\"2023-03-11T01:22:45+00:00\",\"breadcrumb\":{\"@id\":\"https:\\\/\\\/www.groupe-aquitain-spp.fr\\\/index.php\\\/2020\\\/01\\\/16\\\/les-reves-repetitifs-en-seance-enjeux-cliniques-et-theoriques\\\/#breadcrumb\"},\"inLanguage\":\"fr-FR\",\"potentialAction\":[{\"@type\":\"ReadAction\",\"target\":[\"https:\\\/\\\/www.groupe-aquitain-spp.fr\\\/index.php\\\/2020\\\/01\\\/16\\\/les-reves-repetitifs-en-seance-enjeux-cliniques-et-theoriques\\\/\"]}]},{\"@type\":\"ImageObject\",\"inLanguage\":\"fr-FR\",\"@id\":\"https:\\\/\\\/www.groupe-aquitain-spp.fr\\\/index.php\\\/2020\\\/01\\\/16\\\/les-reves-repetitifs-en-seance-enjeux-cliniques-et-theoriques\\\/#primaryimage\",\"url\":\"https:\\\/\\\/www.groupe-aquitain-spp.fr\\\/wp-content\\\/uploads\\\/2020\\\/01\\\/Capture-decran-2023-03-11-021900.png\",\"contentUrl\":\"https:\\\/\\\/www.groupe-aquitain-spp.fr\\\/wp-content\\\/uploads\\\/2020\\\/01\\\/Capture-decran-2023-03-11-021900.png\",\"width\":765,\"height\":434},{\"@type\":\"BreadcrumbList\",\"@id\":\"https:\\\/\\\/www.groupe-aquitain-spp.fr\\\/index.php\\\/2020\\\/01\\\/16\\\/les-reves-repetitifs-en-seance-enjeux-cliniques-et-theoriques\\\/#breadcrumb\",\"itemListElement\":[{\"@type\":\"ListItem\",\"position\":1,\"name\":\"Accueil\",\"item\":\"https:\\\/\\\/www.groupe-aquitain-spp.fr\\\/\"},{\"@type\":\"ListItem\",\"position\":2,\"name\":\"Les r\u00eaves r\u00e9p\u00e9titifs en s\u00e9ance, enjeux cliniques et th\u00e9oriques\"}]},{\"@type\":\"WebSite\",\"@id\":\"https:\\\/\\\/www.groupe-aquitain-spp.fr\\\/#website\",\"url\":\"https:\\\/\\\/www.groupe-aquitain-spp.fr\\\/\",\"name\":\"Groupe Aquitain de la Soci\u00e9t\u00e9 Psychanalytique de Paris\",\"description\":\"Le site du Groupe Aquitain de la SPP\",\"publisher\":{\"@id\":\"https:\\\/\\\/www.groupe-aquitain-spp.fr\\\/#organization\"},\"potentialAction\":[{\"@type\":\"SearchAction\",\"target\":{\"@type\":\"EntryPoint\",\"urlTemplate\":\"https:\\\/\\\/www.groupe-aquitain-spp.fr\\\/?s={search_term_string}\"},\"query-input\":{\"@type\":\"PropertyValueSpecification\",\"valueRequired\":true,\"valueName\":\"search_term_string\"}}],\"inLanguage\":\"fr-FR\"},{\"@type\":\"Organization\",\"@id\":\"https:\\\/\\\/www.groupe-aquitain-spp.fr\\\/#organization\",\"name\":\"Groupe Aquitain de la Soci\u00e9t\u00e9 Psychanalytique de Paris\",\"url\":\"https:\\\/\\\/www.groupe-aquitain-spp.fr\\\/\",\"logo\":{\"@type\":\"ImageObject\",\"inLanguage\":\"fr-FR\",\"@id\":\"https:\\\/\\\/www.groupe-aquitain-spp.fr\\\/#\\\/schema\\\/logo\\\/image\\\/\",\"url\":\"https:\\\/\\\/www.groupe-aquitain-spp.fr\\\/wp-content\\\/uploads\\\/2023\\\/03\\\/logo-gaspp-1024.png\",\"contentUrl\":\"https:\\\/\\\/www.groupe-aquitain-spp.fr\\\/wp-content\\\/uploads\\\/2023\\\/03\\\/logo-gaspp-1024.png\",\"width\":505,\"height\":510,\"caption\":\"Groupe Aquitain de la Soci\u00e9t\u00e9 Psychanalytique de Paris\"},\"image\":{\"@id\":\"https:\\\/\\\/www.groupe-aquitain-spp.fr\\\/#\\\/schema\\\/logo\\\/image\\\/\"},\"sameAs\":[\"https:\\\/\\\/www.facebook.com\\\/gaspp.b\"]},{\"@type\":\"Person\",\"@id\":\"https:\\\/\\\/www.groupe-aquitain-spp.fr\\\/#\\\/schema\\\/person\\\/1c097bd0063afea4711b585b82a9decc\",\"name\":\"jbouanani\",\"image\":{\"@type\":\"ImageObject\",\"inLanguage\":\"fr-FR\",\"@id\":\"https:\\\/\\\/secure.gravatar.com\\\/avatar\\\/29bf14c4d7eb503ea4d66ccbbf228a0f99fc007871bd2cae8b29c5c641d1af48?s=96&d=mm&r=g\",\"url\":\"https:\\\/\\\/secure.gravatar.com\\\/avatar\\\/29bf14c4d7eb503ea4d66ccbbf228a0f99fc007871bd2cae8b29c5c641d1af48?s=96&d=mm&r=g\",\"contentUrl\":\"https:\\\/\\\/secure.gravatar.com\\\/avatar\\\/29bf14c4d7eb503ea4d66ccbbf228a0f99fc007871bd2cae8b29c5c641d1af48?s=96&d=mm&r=g\",\"caption\":\"jbouanani\"},\"sameAs\":[\"http:\\\/\\\/groupe-aquitain-spp.fr\"],\"url\":\"https:\\\/\\\/www.groupe-aquitain-spp.fr\\\/index.php\\\/author\\\/jbouanani\\\/\"}]}<\/script>\n<!-- \/ Yoast SEO plugin. -->","yoast_head_json":{"title":"Les r\u00eaves r\u00e9p\u00e9titifs en s\u00e9ance, enjeux cliniques et th\u00e9oriques - Groupe Aquitain de la Soci\u00e9t\u00e9 Psychanalytique de Paris","robots":{"index":"index","follow":"follow","max-snippet":"max-snippet:-1","max-image-preview":"max-image-preview:large","max-video-preview":"max-video-preview:-1"},"canonical":"https:\/\/www.groupe-aquitain-spp.fr\/index.php\/2020\/01\/16\/les-reves-repetitifs-en-seance-enjeux-cliniques-et-theoriques\/","og_locale":"fr_FR","og_type":"article","og_title":"Les r\u00eaves r\u00e9p\u00e9titifs en s\u00e9ance, enjeux cliniques et th\u00e9oriques - Groupe Aquitain de la Soci\u00e9t\u00e9 Psychanalytique de Paris","og_description":"L\u2019\u00e9tude du r\u00eave, de son travail tr\u00e8s sp\u00e9cifique, de ses qualit\u00e9s et de ses fonctions est n\u00e9cessaire \u00e0 notre travail de psychanalyste. L\u2019interpr\u00e9tation n\u2019est possible qu\u2019\u00e0 partir des associations du patient et de la prise en compte du travail de r\u00eave qui est aussi qualifi\u00e9 de travail de d\u00e9formation. Quand le r\u00eave r\u00e9ussit sa fonction [&hellip;]","og_url":"https:\/\/www.groupe-aquitain-spp.fr\/index.php\/2020\/01\/16\/les-reves-repetitifs-en-seance-enjeux-cliniques-et-theoriques\/","og_site_name":"Groupe Aquitain de la Soci\u00e9t\u00e9 Psychanalytique de Paris","article_publisher":"https:\/\/www.facebook.com\/gaspp.b","article_published_time":"2020-01-16T20:46:45+00:00","article_modified_time":"2023-03-11T01:22:45+00:00","og_image":[{"width":765,"height":434,"url":"https:\/\/www.groupe-aquitain-spp.fr\/wp-content\/uploads\/2020\/01\/Capture-decran-2023-03-11-021900.png","type":"image\/png"}],"author":"jbouanani","twitter_card":"summary_large_image","twitter_misc":{"\u00c9crit par":"jbouanani","Dur\u00e9e de lecture estim\u00e9e":"1 minute"},"schema":{"@context":"https:\/\/schema.org","@graph":[{"@type":"Article","@id":"https:\/\/www.groupe-aquitain-spp.fr\/index.php\/2020\/01\/16\/les-reves-repetitifs-en-seance-enjeux-cliniques-et-theoriques\/#article","isPartOf":{"@id":"https:\/\/www.groupe-aquitain-spp.fr\/index.php\/2020\/01\/16\/les-reves-repetitifs-en-seance-enjeux-cliniques-et-theoriques\/"},"author":{"name":"jbouanani","@id":"https:\/\/www.groupe-aquitain-spp.fr\/#\/schema\/person\/1c097bd0063afea4711b585b82a9decc"},"headline":"Les r\u00eaves r\u00e9p\u00e9titifs en s\u00e9ance, enjeux cliniques et th\u00e9oriques","datePublished":"2020-01-16T20:46:45+00:00","dateModified":"2023-03-11T01:22:45+00:00","mainEntityOfPage":{"@id":"https:\/\/www.groupe-aquitain-spp.fr\/index.php\/2020\/01\/16\/les-reves-repetitifs-en-seance-enjeux-cliniques-et-theoriques\/"},"wordCount":226,"publisher":{"@id":"https:\/\/www.groupe-aquitain-spp.fr\/#organization"},"image":{"@id":"https:\/\/www.groupe-aquitain-spp.fr\/index.php\/2020\/01\/16\/les-reves-repetitifs-en-seance-enjeux-cliniques-et-theoriques\/#primaryimage"},"thumbnailUrl":"https:\/\/www.groupe-aquitain-spp.fr\/wp-content\/uploads\/2020\/01\/Capture-decran-2023-03-11-021900.png","articleSection":["Conf\u00e9rences","Historique"],"inLanguage":"fr-FR"},{"@type":"WebPage","@id":"https:\/\/www.groupe-aquitain-spp.fr\/index.php\/2020\/01\/16\/les-reves-repetitifs-en-seance-enjeux-cliniques-et-theoriques\/","url":"https:\/\/www.groupe-aquitain-spp.fr\/index.php\/2020\/01\/16\/les-reves-repetitifs-en-seance-enjeux-cliniques-et-theoriques\/","name":"Les r\u00eaves r\u00e9p\u00e9titifs en s\u00e9ance, enjeux cliniques et th\u00e9oriques - Groupe Aquitain de la Soci\u00e9t\u00e9 Psychanalytique de Paris","isPartOf":{"@id":"https:\/\/www.groupe-aquitain-spp.fr\/#website"},"primaryImageOfPage":{"@id":"https:\/\/www.groupe-aquitain-spp.fr\/index.php\/2020\/01\/16\/les-reves-repetitifs-en-seance-enjeux-cliniques-et-theoriques\/#primaryimage"},"image":{"@id":"https:\/\/www.groupe-aquitain-spp.fr\/index.php\/2020\/01\/16\/les-reves-repetitifs-en-seance-enjeux-cliniques-et-theoriques\/#primaryimage"},"thumbnailUrl":"https:\/\/www.groupe-aquitain-spp.fr\/wp-content\/uploads\/2020\/01\/Capture-decran-2023-03-11-021900.png","datePublished":"2020-01-16T20:46:45+00:00","dateModified":"2023-03-11T01:22:45+00:00","breadcrumb":{"@id":"https:\/\/www.groupe-aquitain-spp.fr\/index.php\/2020\/01\/16\/les-reves-repetitifs-en-seance-enjeux-cliniques-et-theoriques\/#breadcrumb"},"inLanguage":"fr-FR","potentialAction":[{"@type":"ReadAction","target":["https:\/\/www.groupe-aquitain-spp.fr\/index.php\/2020\/01\/16\/les-reves-repetitifs-en-seance-enjeux-cliniques-et-theoriques\/"]}]},{"@type":"ImageObject","inLanguage":"fr-FR","@id":"https:\/\/www.groupe-aquitain-spp.fr\/index.php\/2020\/01\/16\/les-reves-repetitifs-en-seance-enjeux-cliniques-et-theoriques\/#primaryimage","url":"https:\/\/www.groupe-aquitain-spp.fr\/wp-content\/uploads\/2020\/01\/Capture-decran-2023-03-11-021900.png","contentUrl":"https:\/\/www.groupe-aquitain-spp.fr\/wp-content\/uploads\/2020\/01\/Capture-decran-2023-03-11-021900.png","width":765,"height":434},{"@type":"BreadcrumbList","@id":"https:\/\/www.groupe-aquitain-spp.fr\/index.php\/2020\/01\/16\/les-reves-repetitifs-en-seance-enjeux-cliniques-et-theoriques\/#breadcrumb","itemListElement":[{"@type":"ListItem","position":1,"name":"Accueil","item":"https:\/\/www.groupe-aquitain-spp.fr\/"},{"@type":"ListItem","position":2,"name":"Les r\u00eaves r\u00e9p\u00e9titifs en s\u00e9ance, enjeux cliniques et th\u00e9oriques"}]},{"@type":"WebSite","@id":"https:\/\/www.groupe-aquitain-spp.fr\/#website","url":"https:\/\/www.groupe-aquitain-spp.fr\/","name":"Groupe Aquitain de la Soci\u00e9t\u00e9 Psychanalytique de Paris","description":"Le site du Groupe Aquitain de la SPP","publisher":{"@id":"https:\/\/www.groupe-aquitain-spp.fr\/#organization"},"potentialAction":[{"@type":"SearchAction","target":{"@type":"EntryPoint","urlTemplate":"https:\/\/www.groupe-aquitain-spp.fr\/?s={search_term_string}"},"query-input":{"@type":"PropertyValueSpecification","valueRequired":true,"valueName":"search_term_string"}}],"inLanguage":"fr-FR"},{"@type":"Organization","@id":"https:\/\/www.groupe-aquitain-spp.fr\/#organization","name":"Groupe Aquitain de la Soci\u00e9t\u00e9 Psychanalytique de Paris","url":"https:\/\/www.groupe-aquitain-spp.fr\/","logo":{"@type":"ImageObject","inLanguage":"fr-FR","@id":"https:\/\/www.groupe-aquitain-spp.fr\/#\/schema\/logo\/image\/","url":"https:\/\/www.groupe-aquitain-spp.fr\/wp-content\/uploads\/2023\/03\/logo-gaspp-1024.png","contentUrl":"https:\/\/www.groupe-aquitain-spp.fr\/wp-content\/uploads\/2023\/03\/logo-gaspp-1024.png","width":505,"height":510,"caption":"Groupe Aquitain de la Soci\u00e9t\u00e9 Psychanalytique de Paris"},"image":{"@id":"https:\/\/www.groupe-aquitain-spp.fr\/#\/schema\/logo\/image\/"},"sameAs":["https:\/\/www.facebook.com\/gaspp.b"]},{"@type":"Person","@id":"https:\/\/www.groupe-aquitain-spp.fr\/#\/schema\/person\/1c097bd0063afea4711b585b82a9decc","name":"jbouanani","image":{"@type":"ImageObject","inLanguage":"fr-FR","@id":"https:\/\/secure.gravatar.com\/avatar\/29bf14c4d7eb503ea4d66ccbbf228a0f99fc007871bd2cae8b29c5c641d1af48?s=96&d=mm&r=g","url":"https:\/\/secure.gravatar.com\/avatar\/29bf14c4d7eb503ea4d66ccbbf228a0f99fc007871bd2cae8b29c5c641d1af48?s=96&d=mm&r=g","contentUrl":"https:\/\/secure.gravatar.com\/avatar\/29bf14c4d7eb503ea4d66ccbbf228a0f99fc007871bd2cae8b29c5c641d1af48?s=96&d=mm&r=g","caption":"jbouanani"},"sameAs":["http:\/\/groupe-aquitain-spp.fr"],"url":"https:\/\/www.groupe-aquitain-spp.fr\/index.php\/author\/jbouanani\/"}]}},"_links":{"self":[{"href":"https:\/\/www.groupe-aquitain-spp.fr\/index.php\/wp-json\/wp\/v2\/posts\/29957","targetHints":{"allow":["GET"]}}],"collection":[{"href":"https:\/\/www.groupe-aquitain-spp.fr\/index.php\/wp-json\/wp\/v2\/posts"}],"about":[{"href":"https:\/\/www.groupe-aquitain-spp.fr\/index.php\/wp-json\/wp\/v2\/types\/post"}],"author":[{"embeddable":true,"href":"https:\/\/www.groupe-aquitain-spp.fr\/index.php\/wp-json\/wp\/v2\/users\/1"}],"replies":[{"embeddable":true,"href":"https:\/\/www.groupe-aquitain-spp.fr\/index.php\/wp-json\/wp\/v2\/comments?post=29957"}],"version-history":[{"count":1,"href":"https:\/\/www.groupe-aquitain-spp.fr\/index.php\/wp-json\/wp\/v2\/posts\/29957\/revisions"}],"predecessor-version":[{"id":32109,"href":"https:\/\/www.groupe-aquitain-spp.fr\/index.php\/wp-json\/wp\/v2\/posts\/29957\/revisions\/32109"}],"wp:featuredmedia":[{"embeddable":true,"href":"https:\/\/www.groupe-aquitain-spp.fr\/index.php\/wp-json\/wp\/v2\/media\/32108"}],"wp:attachment":[{"href":"https:\/\/www.groupe-aquitain-spp.fr\/index.php\/wp-json\/wp\/v2\/media?parent=29957"}],"wp:term":[{"taxonomy":"category","embeddable":true,"href":"https:\/\/www.groupe-aquitain-spp.fr\/index.php\/wp-json\/wp\/v2\/categories?post=29957"},{"taxonomy":"post_tag","embeddable":true,"href":"https:\/\/www.groupe-aquitain-spp.fr\/index.php\/wp-json\/wp\/v2\/tags?post=29957"},{"taxonomy":"cat_actsci","embeddable":true,"href":"https:\/\/www.groupe-aquitain-spp.fr\/index.php\/wp-json\/wp\/v2\/cat_actsci?post=29957"},{"taxonomy":"paroles-danalyste","embeddable":true,"href":"https:\/\/www.groupe-aquitain-spp.fr\/index.php\/wp-json\/wp\/v2\/paroles-danalyste?post=29957"}],"curies":[{"name":"wp","href":"https:\/\/api.w.org\/{rel}","templated":true}]}}