{"id":31687,"date":"2022-01-08T10:00:00","date_gmt":"2022-01-08T09:00:00","guid":{"rendered":"https:\/\/test.euclide-informatiquie.fr\/?p=31687"},"modified":"2023-03-13T07:49:04","modified_gmt":"2023-03-13T06:49:04","slug":"symbolisation-psychose-et-psychodrame-2","status":"publish","type":"post","link":"https:\/\/www.groupe-aquitain-spp.fr\/index.php\/2022\/01\/08\/symbolisation-psychose-et-psychodrame-2\/","title":{"rendered":"Symbolisation, psychose et psychodrame"},"content":{"rendered":"<p><strong>De l\u2019\u00e9laboration de la violence et de la destructivit\u00e9 chez les patients schizophr\u00e8nes et \u00e9tats-limites<\/strong><\/p>\n<p>La symbolisation peut \u00eatre d\u00e9finie de fa\u00e7on g\u00e9n\u00e9rale comme l\u2019op\u00e9ration par laquelle quelque chose va repr\u00e9senter quelque chose d\u2019autre pour quelqu\u2019un. Si elle peut appara\u00eetre ainsi comme la substitution d\u2019un objet par un autre, elle est avant tout le r\u00e9sultat d\u2019un processus qui suppose autant la capacit\u00e9 de repr\u00e9senter un objet absent qu\u2019un sujet capable de savoir que le symbole n\u2019est pas l\u2019objet symbolis\u00e9. A ce titre elle est corr\u00e9lative d\u2019un v\u00e9ritable jeu de l\u2019imagination, favorisant la constitution de la capacit\u00e9 \u00e0 fantasmer et l\u2019organisation d\u2019un espace psychique, sous-jacent \u00e0 l\u2019organisation de limites entre le dehors et le dedans. Or le fonctionnement psychotique t\u00e9moigne de troubles de la symbolisation, correspondant \u00e0 deux \u00e9conomies diff\u00e9rentes : soit le maintien d\u2019une capacit\u00e9 projective qui inclue l\u2019objet et permet la cr\u00e9ation d\u2019une n\u00e9o-r\u00e9alit\u00e9 hallucinatoire et d\u00e9lirante pour surmonter l\u2019angoisse d\u2019an\u00e9antissement, comme dans la schizophr\u00e9nie ; soit une r\u00e9pression des affects et un clivage du corps dans l\u2019exclusion de tout travail projectif avec l\u2019objet, comme dans le registre des psychoses non d\u00e9lirantes, souvent d\u00e9crites comme psychoses froides (E. et J. Kestemberg) ou \u00e9tats-limites, o\u00f9 pr\u00e9domine l\u2019\u00e9conomie de la d\u00e9charge et de l\u2019agir auto- ou h\u00e9t\u00e9ro-destructeur dans le monde ext\u00e9rieur ou dans le corps propre. Ces deux solutions psychiques seront illustr\u00e9es par le psychodrame psychanalytique individuel d\u2019un patient schizophr\u00e8ne et d\u2019un patient \u00e9tat-limite, qui permettront ainsi de montrer les enjeux de la solution psychotique et les conditions possibles d\u2019une \u00e9laboration de la violence et de la destructivit\u00e9 dans un processus de symbolisation.<\/p>\n","protected":false},"excerpt":{"rendered":"<p>De l\u2019\u00e9laboration de la violence et de la destructivit\u00e9 chez les patients schizophr\u00e8nes et \u00e9tats-limites La symbolisation peut \u00eatre d\u00e9finie de fa\u00e7on g\u00e9n\u00e9rale comme l\u2019op\u00e9ration par laquelle quelque chose va repr\u00e9senter quelque chose d\u2019autre pour quelqu\u2019un. Si elle peut appara\u00eetre ainsi comme la substitution d\u2019un objet par un autre, elle est avant tout le r\u00e9sultat [&hellip;]<\/p>\n","protected":false},"author":1,"featured_media":32077,"comment_status":"closed","ping_status":"closed","sticky":false,"template":"","format":"standard","meta":{"_acf_changed":false,"footnotes":""},"categories":[14,15],"tags":[],"cat_actsci":[],"paroles-danalyste":[],"class_list":["post-31687","post","type-post","status-publish","format-standard","has-post-thumbnail","hentry","category-conferences","category-evenements-termines"],"acf":[],"yoast_head":"<!-- This site is optimized with the Yoast SEO plugin v27.5 - https:\/\/yoast.com\/product\/yoast-seo-wordpress\/ -->\n<title>Symbolisation, psychose et psychodrame - Groupe Aquitain de la Soci\u00e9t\u00e9 Psychanalytique de Paris<\/title>\n<meta name=\"robots\" content=\"index, follow, max-snippet:-1, max-image-preview:large, max-video-preview:-1\" \/>\n<link rel=\"canonical\" href=\"https:\/\/www.groupe-aquitain-spp.fr\/index.php\/2022\/01\/08\/symbolisation-psychose-et-psychodrame-2\/\" \/>\n<meta property=\"og:locale\" content=\"fr_FR\" \/>\n<meta property=\"og:type\" content=\"article\" \/>\n<meta property=\"og:title\" content=\"Symbolisation, psychose et psychodrame - Groupe Aquitain de la Soci\u00e9t\u00e9 Psychanalytique de Paris\" \/>\n<meta property=\"og:description\" content=\"De l\u2019\u00e9laboration de la violence et de la destructivit\u00e9 chez les patients schizophr\u00e8nes et \u00e9tats-limites La symbolisation peut \u00eatre d\u00e9finie de fa\u00e7on g\u00e9n\u00e9rale comme l\u2019op\u00e9ration par laquelle quelque chose va repr\u00e9senter quelque chose d\u2019autre pour quelqu\u2019un. Si elle peut appara\u00eetre ainsi comme la substitution d\u2019un objet par un autre, elle est avant tout le r\u00e9sultat [&hellip;]\" \/>\n<meta property=\"og:url\" content=\"https:\/\/www.groupe-aquitain-spp.fr\/index.php\/2022\/01\/08\/symbolisation-psychose-et-psychodrame-2\/\" \/>\n<meta property=\"og:site_name\" content=\"Groupe Aquitain de la Soci\u00e9t\u00e9 Psychanalytique de Paris\" \/>\n<meta property=\"article:publisher\" content=\"https:\/\/www.facebook.com\/gaspp.b\" \/>\n<meta property=\"article:published_time\" content=\"2022-01-08T09:00:00+00:00\" \/>\n<meta property=\"article:modified_time\" content=\"2023-03-13T06:49:04+00:00\" \/>\n<meta property=\"og:image\" content=\"https:\/\/www.groupe-aquitain-spp.fr\/wp-content\/uploads\/2021\/12\/Capture-decran-2023-03-10-185722.png\" \/>\n\t<meta property=\"og:image:width\" content=\"928\" \/>\n\t<meta property=\"og:image:height\" content=\"523\" \/>\n\t<meta property=\"og:image:type\" content=\"image\/png\" \/>\n<meta name=\"author\" content=\"jbouanani\" \/>\n<meta name=\"twitter:card\" content=\"summary_large_image\" \/>\n<meta name=\"twitter:label1\" content=\"\u00c9crit par\" \/>\n\t<meta name=\"twitter:data1\" content=\"jbouanani\" \/>\n\t<meta name=\"twitter:label2\" content=\"Dur\u00e9e de lecture estim\u00e9e\" \/>\n\t<meta name=\"twitter:data2\" content=\"2 minutes\" \/>\n<script type=\"application\/ld+json\" class=\"yoast-schema-graph\">{\"@context\":\"https:\\\/\\\/schema.org\",\"@graph\":[{\"@type\":\"Article\",\"@id\":\"https:\\\/\\\/www.groupe-aquitain-spp.fr\\\/index.php\\\/2022\\\/01\\\/08\\\/symbolisation-psychose-et-psychodrame-2\\\/#article\",\"isPartOf\":{\"@id\":\"https:\\\/\\\/www.groupe-aquitain-spp.fr\\\/index.php\\\/2022\\\/01\\\/08\\\/symbolisation-psychose-et-psychodrame-2\\\/\"},\"author\":{\"name\":\"jbouanani\",\"@id\":\"https:\\\/\\\/www.groupe-aquitain-spp.fr\\\/#\\\/schema\\\/person\\\/1c097bd0063afea4711b585b82a9decc\"},\"headline\":\"Symbolisation, psychose et psychodrame\",\"datePublished\":\"2022-01-08T09:00:00+00:00\",\"dateModified\":\"2023-03-13T06:49:04+00:00\",\"mainEntityOfPage\":{\"@id\":\"https:\\\/\\\/www.groupe-aquitain-spp.fr\\\/index.php\\\/2022\\\/01\\\/08\\\/symbolisation-psychose-et-psychodrame-2\\\/\"},\"wordCount\":317,\"publisher\":{\"@id\":\"https:\\\/\\\/www.groupe-aquitain-spp.fr\\\/#organization\"},\"image\":{\"@id\":\"https:\\\/\\\/www.groupe-aquitain-spp.fr\\\/index.php\\\/2022\\\/01\\\/08\\\/symbolisation-psychose-et-psychodrame-2\\\/#primaryimage\"},\"thumbnailUrl\":\"https:\\\/\\\/www.groupe-aquitain-spp.fr\\\/wp-content\\\/uploads\\\/2021\\\/12\\\/Capture-decran-2023-03-10-185722.png\",\"articleSection\":[\"Conf\u00e9rences\",\"Historique\"],\"inLanguage\":\"fr-FR\"},{\"@type\":\"WebPage\",\"@id\":\"https:\\\/\\\/www.groupe-aquitain-spp.fr\\\/index.php\\\/2022\\\/01\\\/08\\\/symbolisation-psychose-et-psychodrame-2\\\/\",\"url\":\"https:\\\/\\\/www.groupe-aquitain-spp.fr\\\/index.php\\\/2022\\\/01\\\/08\\\/symbolisation-psychose-et-psychodrame-2\\\/\",\"name\":\"Symbolisation, psychose et psychodrame - Groupe Aquitain de la Soci\u00e9t\u00e9 Psychanalytique de Paris\",\"isPartOf\":{\"@id\":\"https:\\\/\\\/www.groupe-aquitain-spp.fr\\\/#website\"},\"primaryImageOfPage\":{\"@id\":\"https:\\\/\\\/www.groupe-aquitain-spp.fr\\\/index.php\\\/2022\\\/01\\\/08\\\/symbolisation-psychose-et-psychodrame-2\\\/#primaryimage\"},\"image\":{\"@id\":\"https:\\\/\\\/www.groupe-aquitain-spp.fr\\\/index.php\\\/2022\\\/01\\\/08\\\/symbolisation-psychose-et-psychodrame-2\\\/#primaryimage\"},\"thumbnailUrl\":\"https:\\\/\\\/www.groupe-aquitain-spp.fr\\\/wp-content\\\/uploads\\\/2021\\\/12\\\/Capture-decran-2023-03-10-185722.png\",\"datePublished\":\"2022-01-08T09:00:00+00:00\",\"dateModified\":\"2023-03-13T06:49:04+00:00\",\"breadcrumb\":{\"@id\":\"https:\\\/\\\/www.groupe-aquitain-spp.fr\\\/index.php\\\/2022\\\/01\\\/08\\\/symbolisation-psychose-et-psychodrame-2\\\/#breadcrumb\"},\"inLanguage\":\"fr-FR\",\"potentialAction\":[{\"@type\":\"ReadAction\",\"target\":[\"https:\\\/\\\/www.groupe-aquitain-spp.fr\\\/index.php\\\/2022\\\/01\\\/08\\\/symbolisation-psychose-et-psychodrame-2\\\/\"]}]},{\"@type\":\"ImageObject\",\"inLanguage\":\"fr-FR\",\"@id\":\"https:\\\/\\\/www.groupe-aquitain-spp.fr\\\/index.php\\\/2022\\\/01\\\/08\\\/symbolisation-psychose-et-psychodrame-2\\\/#primaryimage\",\"url\":\"https:\\\/\\\/www.groupe-aquitain-spp.fr\\\/wp-content\\\/uploads\\\/2021\\\/12\\\/Capture-decran-2023-03-10-185722.png\",\"contentUrl\":\"https:\\\/\\\/www.groupe-aquitain-spp.fr\\\/wp-content\\\/uploads\\\/2021\\\/12\\\/Capture-decran-2023-03-10-185722.png\",\"width\":928,\"height\":523,\"caption\":\"Alain Gibeault\"},{\"@type\":\"BreadcrumbList\",\"@id\":\"https:\\\/\\\/www.groupe-aquitain-spp.fr\\\/index.php\\\/2022\\\/01\\\/08\\\/symbolisation-psychose-et-psychodrame-2\\\/#breadcrumb\",\"itemListElement\":[{\"@type\":\"ListItem\",\"position\":1,\"name\":\"Accueil\",\"item\":\"https:\\\/\\\/www.groupe-aquitain-spp.fr\\\/\"},{\"@type\":\"ListItem\",\"position\":2,\"name\":\"Symbolisation, psychose et psychodrame\"}]},{\"@type\":\"WebSite\",\"@id\":\"https:\\\/\\\/www.groupe-aquitain-spp.fr\\\/#website\",\"url\":\"https:\\\/\\\/www.groupe-aquitain-spp.fr\\\/\",\"name\":\"Groupe Aquitain de la Soci\u00e9t\u00e9 Psychanalytique de Paris\",\"description\":\"Le site du Groupe Aquitain de la SPP\",\"publisher\":{\"@id\":\"https:\\\/\\\/www.groupe-aquitain-spp.fr\\\/#organization\"},\"potentialAction\":[{\"@type\":\"SearchAction\",\"target\":{\"@type\":\"EntryPoint\",\"urlTemplate\":\"https:\\\/\\\/www.groupe-aquitain-spp.fr\\\/?s={search_term_string}\"},\"query-input\":{\"@type\":\"PropertyValueSpecification\",\"valueRequired\":true,\"valueName\":\"search_term_string\"}}],\"inLanguage\":\"fr-FR\"},{\"@type\":\"Organization\",\"@id\":\"https:\\\/\\\/www.groupe-aquitain-spp.fr\\\/#organization\",\"name\":\"Groupe Aquitain de la Soci\u00e9t\u00e9 Psychanalytique de Paris\",\"url\":\"https:\\\/\\\/www.groupe-aquitain-spp.fr\\\/\",\"logo\":{\"@type\":\"ImageObject\",\"inLanguage\":\"fr-FR\",\"@id\":\"https:\\\/\\\/www.groupe-aquitain-spp.fr\\\/#\\\/schema\\\/logo\\\/image\\\/\",\"url\":\"https:\\\/\\\/www.groupe-aquitain-spp.fr\\\/wp-content\\\/uploads\\\/2023\\\/03\\\/logo-gaspp-1024.png\",\"contentUrl\":\"https:\\\/\\\/www.groupe-aquitain-spp.fr\\\/wp-content\\\/uploads\\\/2023\\\/03\\\/logo-gaspp-1024.png\",\"width\":505,\"height\":510,\"caption\":\"Groupe Aquitain de la Soci\u00e9t\u00e9 Psychanalytique de Paris\"},\"image\":{\"@id\":\"https:\\\/\\\/www.groupe-aquitain-spp.fr\\\/#\\\/schema\\\/logo\\\/image\\\/\"},\"sameAs\":[\"https:\\\/\\\/www.facebook.com\\\/gaspp.b\"]},{\"@type\":\"Person\",\"@id\":\"https:\\\/\\\/www.groupe-aquitain-spp.fr\\\/#\\\/schema\\\/person\\\/1c097bd0063afea4711b585b82a9decc\",\"name\":\"jbouanani\",\"image\":{\"@type\":\"ImageObject\",\"inLanguage\":\"fr-FR\",\"@id\":\"https:\\\/\\\/secure.gravatar.com\\\/avatar\\\/29bf14c4d7eb503ea4d66ccbbf228a0f99fc007871bd2cae8b29c5c641d1af48?s=96&d=mm&r=g\",\"url\":\"https:\\\/\\\/secure.gravatar.com\\\/avatar\\\/29bf14c4d7eb503ea4d66ccbbf228a0f99fc007871bd2cae8b29c5c641d1af48?s=96&d=mm&r=g\",\"contentUrl\":\"https:\\\/\\\/secure.gravatar.com\\\/avatar\\\/29bf14c4d7eb503ea4d66ccbbf228a0f99fc007871bd2cae8b29c5c641d1af48?s=96&d=mm&r=g\",\"caption\":\"jbouanani\"},\"sameAs\":[\"http:\\\/\\\/groupe-aquitain-spp.fr\"],\"url\":\"https:\\\/\\\/www.groupe-aquitain-spp.fr\\\/index.php\\\/author\\\/jbouanani\\\/\"}]}<\/script>\n<!-- \/ Yoast SEO plugin. -->","yoast_head_json":{"title":"Symbolisation, psychose et psychodrame - Groupe Aquitain de la Soci\u00e9t\u00e9 Psychanalytique de Paris","robots":{"index":"index","follow":"follow","max-snippet":"max-snippet:-1","max-image-preview":"max-image-preview:large","max-video-preview":"max-video-preview:-1"},"canonical":"https:\/\/www.groupe-aquitain-spp.fr\/index.php\/2022\/01\/08\/symbolisation-psychose-et-psychodrame-2\/","og_locale":"fr_FR","og_type":"article","og_title":"Symbolisation, psychose et psychodrame - Groupe Aquitain de la Soci\u00e9t\u00e9 Psychanalytique de Paris","og_description":"De l\u2019\u00e9laboration de la violence et de la destructivit\u00e9 chez les patients schizophr\u00e8nes et \u00e9tats-limites La symbolisation peut \u00eatre d\u00e9finie de fa\u00e7on g\u00e9n\u00e9rale comme l\u2019op\u00e9ration par laquelle quelque chose va repr\u00e9senter quelque chose d\u2019autre pour quelqu\u2019un. Si elle peut appara\u00eetre ainsi comme la substitution d\u2019un objet par un autre, elle est avant tout le r\u00e9sultat [&hellip;]","og_url":"https:\/\/www.groupe-aquitain-spp.fr\/index.php\/2022\/01\/08\/symbolisation-psychose-et-psychodrame-2\/","og_site_name":"Groupe Aquitain de la Soci\u00e9t\u00e9 Psychanalytique de Paris","article_publisher":"https:\/\/www.facebook.com\/gaspp.b","article_published_time":"2022-01-08T09:00:00+00:00","article_modified_time":"2023-03-13T06:49:04+00:00","og_image":[{"width":928,"height":523,"url":"https:\/\/www.groupe-aquitain-spp.fr\/wp-content\/uploads\/2021\/12\/Capture-decran-2023-03-10-185722.png","type":"image\/png"}],"author":"jbouanani","twitter_card":"summary_large_image","twitter_misc":{"\u00c9crit par":"jbouanani","Dur\u00e9e de lecture estim\u00e9e":"2 minutes"},"schema":{"@context":"https:\/\/schema.org","@graph":[{"@type":"Article","@id":"https:\/\/www.groupe-aquitain-spp.fr\/index.php\/2022\/01\/08\/symbolisation-psychose-et-psychodrame-2\/#article","isPartOf":{"@id":"https:\/\/www.groupe-aquitain-spp.fr\/index.php\/2022\/01\/08\/symbolisation-psychose-et-psychodrame-2\/"},"author":{"name":"jbouanani","@id":"https:\/\/www.groupe-aquitain-spp.fr\/#\/schema\/person\/1c097bd0063afea4711b585b82a9decc"},"headline":"Symbolisation, psychose et psychodrame","datePublished":"2022-01-08T09:00:00+00:00","dateModified":"2023-03-13T06:49:04+00:00","mainEntityOfPage":{"@id":"https:\/\/www.groupe-aquitain-spp.fr\/index.php\/2022\/01\/08\/symbolisation-psychose-et-psychodrame-2\/"},"wordCount":317,"publisher":{"@id":"https:\/\/www.groupe-aquitain-spp.fr\/#organization"},"image":{"@id":"https:\/\/www.groupe-aquitain-spp.fr\/index.php\/2022\/01\/08\/symbolisation-psychose-et-psychodrame-2\/#primaryimage"},"thumbnailUrl":"https:\/\/www.groupe-aquitain-spp.fr\/wp-content\/uploads\/2021\/12\/Capture-decran-2023-03-10-185722.png","articleSection":["Conf\u00e9rences","Historique"],"inLanguage":"fr-FR"},{"@type":"WebPage","@id":"https:\/\/www.groupe-aquitain-spp.fr\/index.php\/2022\/01\/08\/symbolisation-psychose-et-psychodrame-2\/","url":"https:\/\/www.groupe-aquitain-spp.fr\/index.php\/2022\/01\/08\/symbolisation-psychose-et-psychodrame-2\/","name":"Symbolisation, psychose et psychodrame - Groupe Aquitain de la Soci\u00e9t\u00e9 Psychanalytique de Paris","isPartOf":{"@id":"https:\/\/www.groupe-aquitain-spp.fr\/#website"},"primaryImageOfPage":{"@id":"https:\/\/www.groupe-aquitain-spp.fr\/index.php\/2022\/01\/08\/symbolisation-psychose-et-psychodrame-2\/#primaryimage"},"image":{"@id":"https:\/\/www.groupe-aquitain-spp.fr\/index.php\/2022\/01\/08\/symbolisation-psychose-et-psychodrame-2\/#primaryimage"},"thumbnailUrl":"https:\/\/www.groupe-aquitain-spp.fr\/wp-content\/uploads\/2021\/12\/Capture-decran-2023-03-10-185722.png","datePublished":"2022-01-08T09:00:00+00:00","dateModified":"2023-03-13T06:49:04+00:00","breadcrumb":{"@id":"https:\/\/www.groupe-aquitain-spp.fr\/index.php\/2022\/01\/08\/symbolisation-psychose-et-psychodrame-2\/#breadcrumb"},"inLanguage":"fr-FR","potentialAction":[{"@type":"ReadAction","target":["https:\/\/www.groupe-aquitain-spp.fr\/index.php\/2022\/01\/08\/symbolisation-psychose-et-psychodrame-2\/"]}]},{"@type":"ImageObject","inLanguage":"fr-FR","@id":"https:\/\/www.groupe-aquitain-spp.fr\/index.php\/2022\/01\/08\/symbolisation-psychose-et-psychodrame-2\/#primaryimage","url":"https:\/\/www.groupe-aquitain-spp.fr\/wp-content\/uploads\/2021\/12\/Capture-decran-2023-03-10-185722.png","contentUrl":"https:\/\/www.groupe-aquitain-spp.fr\/wp-content\/uploads\/2021\/12\/Capture-decran-2023-03-10-185722.png","width":928,"height":523,"caption":"Alain Gibeault"},{"@type":"BreadcrumbList","@id":"https:\/\/www.groupe-aquitain-spp.fr\/index.php\/2022\/01\/08\/symbolisation-psychose-et-psychodrame-2\/#breadcrumb","itemListElement":[{"@type":"ListItem","position":1,"name":"Accueil","item":"https:\/\/www.groupe-aquitain-spp.fr\/"},{"@type":"ListItem","position":2,"name":"Symbolisation, psychose et psychodrame"}]},{"@type":"WebSite","@id":"https:\/\/www.groupe-aquitain-spp.fr\/#website","url":"https:\/\/www.groupe-aquitain-spp.fr\/","name":"Groupe Aquitain de la Soci\u00e9t\u00e9 Psychanalytique de Paris","description":"Le site du Groupe Aquitain de la SPP","publisher":{"@id":"https:\/\/www.groupe-aquitain-spp.fr\/#organization"},"potentialAction":[{"@type":"SearchAction","target":{"@type":"EntryPoint","urlTemplate":"https:\/\/www.groupe-aquitain-spp.fr\/?s={search_term_string}"},"query-input":{"@type":"PropertyValueSpecification","valueRequired":true,"valueName":"search_term_string"}}],"inLanguage":"fr-FR"},{"@type":"Organization","@id":"https:\/\/www.groupe-aquitain-spp.fr\/#organization","name":"Groupe Aquitain de la Soci\u00e9t\u00e9 Psychanalytique de Paris","url":"https:\/\/www.groupe-aquitain-spp.fr\/","logo":{"@type":"ImageObject","inLanguage":"fr-FR","@id":"https:\/\/www.groupe-aquitain-spp.fr\/#\/schema\/logo\/image\/","url":"https:\/\/www.groupe-aquitain-spp.fr\/wp-content\/uploads\/2023\/03\/logo-gaspp-1024.png","contentUrl":"https:\/\/www.groupe-aquitain-spp.fr\/wp-content\/uploads\/2023\/03\/logo-gaspp-1024.png","width":505,"height":510,"caption":"Groupe Aquitain de la Soci\u00e9t\u00e9 Psychanalytique de Paris"},"image":{"@id":"https:\/\/www.groupe-aquitain-spp.fr\/#\/schema\/logo\/image\/"},"sameAs":["https:\/\/www.facebook.com\/gaspp.b"]},{"@type":"Person","@id":"https:\/\/www.groupe-aquitain-spp.fr\/#\/schema\/person\/1c097bd0063afea4711b585b82a9decc","name":"jbouanani","image":{"@type":"ImageObject","inLanguage":"fr-FR","@id":"https:\/\/secure.gravatar.com\/avatar\/29bf14c4d7eb503ea4d66ccbbf228a0f99fc007871bd2cae8b29c5c641d1af48?s=96&d=mm&r=g","url":"https:\/\/secure.gravatar.com\/avatar\/29bf14c4d7eb503ea4d66ccbbf228a0f99fc007871bd2cae8b29c5c641d1af48?s=96&d=mm&r=g","contentUrl":"https:\/\/secure.gravatar.com\/avatar\/29bf14c4d7eb503ea4d66ccbbf228a0f99fc007871bd2cae8b29c5c641d1af48?s=96&d=mm&r=g","caption":"jbouanani"},"sameAs":["http:\/\/groupe-aquitain-spp.fr"],"url":"https:\/\/www.groupe-aquitain-spp.fr\/index.php\/author\/jbouanani\/"}]}},"_links":{"self":[{"href":"https:\/\/www.groupe-aquitain-spp.fr\/index.php\/wp-json\/wp\/v2\/posts\/31687","targetHints":{"allow":["GET"]}}],"collection":[{"href":"https:\/\/www.groupe-aquitain-spp.fr\/index.php\/wp-json\/wp\/v2\/posts"}],"about":[{"href":"https:\/\/www.groupe-aquitain-spp.fr\/index.php\/wp-json\/wp\/v2\/types\/post"}],"author":[{"embeddable":true,"href":"https:\/\/www.groupe-aquitain-spp.fr\/index.php\/wp-json\/wp\/v2\/users\/1"}],"replies":[{"embeddable":true,"href":"https:\/\/www.groupe-aquitain-spp.fr\/index.php\/wp-json\/wp\/v2\/comments?post=31687"}],"version-history":[{"count":1,"href":"https:\/\/www.groupe-aquitain-spp.fr\/index.php\/wp-json\/wp\/v2\/posts\/31687\/revisions"}],"predecessor-version":[{"id":32076,"href":"https:\/\/www.groupe-aquitain-spp.fr\/index.php\/wp-json\/wp\/v2\/posts\/31687\/revisions\/32076"}],"wp:featuredmedia":[{"embeddable":true,"href":"https:\/\/www.groupe-aquitain-spp.fr\/index.php\/wp-json\/wp\/v2\/media\/32077"}],"wp:attachment":[{"href":"https:\/\/www.groupe-aquitain-spp.fr\/index.php\/wp-json\/wp\/v2\/media?parent=31687"}],"wp:term":[{"taxonomy":"category","embeddable":true,"href":"https:\/\/www.groupe-aquitain-spp.fr\/index.php\/wp-json\/wp\/v2\/categories?post=31687"},{"taxonomy":"post_tag","embeddable":true,"href":"https:\/\/www.groupe-aquitain-spp.fr\/index.php\/wp-json\/wp\/v2\/tags?post=31687"},{"taxonomy":"cat_actsci","embeddable":true,"href":"https:\/\/www.groupe-aquitain-spp.fr\/index.php\/wp-json\/wp\/v2\/cat_actsci?post=31687"},{"taxonomy":"paroles-danalyste","embeddable":true,"href":"https:\/\/www.groupe-aquitain-spp.fr\/index.php\/wp-json\/wp\/v2\/paroles-danalyste?post=31687"}],"curies":[{"name":"wp","href":"https:\/\/api.w.org\/{rel}","templated":true}]}}