{"id":33168,"date":"2023-08-02T06:19:13","date_gmt":"2023-08-02T04:19:13","guid":{"rendered":"https:\/\/www.groupe-aquitain-spp.fr\/?p=33168"},"modified":"2025-09-24T12:47:20","modified_gmt":"2025-09-24T10:47:20","slug":"psychosomatique-le-processus-de-psychisation-suite","status":"publish","type":"post","link":"https:\/\/www.groupe-aquitain-spp.fr\/index.php\/2023\/08\/02\/psychosomatique-le-processus-de-psychisation-suite\/","title":{"rendered":"Psychosomatique\u00a0: Le Processus de psychisation (suite)"},"content":{"rendered":"\t\t<div data-elementor-type=\"wp-post\" data-elementor-id=\"33168\" class=\"elementor elementor-33168\" data-elementor-post-type=\"post\">\n\t\t\t\t\t\t<section class=\"elementor-section elementor-top-section elementor-element elementor-element-77d3cb96 elementor-section-boxed elementor-section-height-default elementor-section-height-default\" data-id=\"77d3cb96\" data-element_type=\"section\" data-e-type=\"section\">\n\t\t\t\t\t\t<div class=\"elementor-container elementor-column-gap-default\">\n\t\t\t\t\t<div class=\"elementor-column elementor-col-100 elementor-top-column elementor-element elementor-element-75150dce\" data-id=\"75150dce\" data-element_type=\"column\" data-e-type=\"column\">\n\t\t\t<div class=\"elementor-widget-wrap elementor-element-populated\">\n\t\t\t\t\t\t\t<\/div>\n\t\t<\/div>\n\t\t\t\t\t<\/div>\n\t\t<\/section>\n\t\t\t\t<\/div>\n\t\t","protected":false},"excerpt":{"rendered":"<p>Autour des textes de Freud et d&#8217;auteurs plus contemporains, nous continuons notre<br \/>\nr\u00e9flexion sur l&#8217;assise corporelle et relationnelle de la construction psychique , processus<br \/>\ntoujours en mouvement.<br \/>\nNous nous inspirerons aussi des travaux actuels sur la psychoth\u00e9rapie psychanalytique<br \/>\ncorporelle &#8211; Huiti\u00e8me ann\u00e9e.<\/p>\n","protected":false},"author":1,"featured_media":0,"comment_status":"open","ping_status":"open","sticky":false,"template":"","format":"standard","meta":{"_acf_changed":false,"footnotes":""},"categories":[16],"tags":[],"cat_actsci":[],"paroles-danalyste":[],"class_list":["post-33168","post","type-post","status-publish","format-standard","hentry","category-seminaires"],"acf":[],"yoast_head":"<!-- This site is optimized with the Yoast SEO plugin v27.5 - https:\/\/yoast.com\/product\/yoast-seo-wordpress\/ -->\n<title>Psychosomatique\u00a0: Le Processus de psychisation (suite) - Groupe Aquitain de la Soci\u00e9t\u00e9 Psychanalytique de Paris<\/title>\n<meta name=\"robots\" content=\"index, follow, max-snippet:-1, max-image-preview:large, max-video-preview:-1\" \/>\n<link rel=\"canonical\" href=\"https:\/\/www.groupe-aquitain-spp.fr\/index.php\/2023\/08\/02\/psychosomatique-le-processus-de-psychisation-suite\/\" \/>\n<meta property=\"og:locale\" content=\"fr_FR\" \/>\n<meta property=\"og:type\" content=\"article\" \/>\n<meta property=\"og:title\" content=\"Psychosomatique\u00a0: Le Processus de psychisation (suite) - Groupe Aquitain de la Soci\u00e9t\u00e9 Psychanalytique de Paris\" \/>\n<meta property=\"og:description\" content=\"Autour des textes de Freud et d&#039;auteurs plus contemporains, nous continuons notre r\u00e9flexion sur l&#039;assise corporelle et relationnelle de la construction psychique , processus toujours en mouvement. Nous nous inspirerons aussi des travaux actuels sur la psychoth\u00e9rapie psychanalytique corporelle - Huiti\u00e8me ann\u00e9e.\" \/>\n<meta property=\"og:url\" content=\"https:\/\/www.groupe-aquitain-spp.fr\/index.php\/2023\/08\/02\/psychosomatique-le-processus-de-psychisation-suite\/\" \/>\n<meta property=\"og:site_name\" content=\"Groupe Aquitain de la Soci\u00e9t\u00e9 Psychanalytique de Paris\" \/>\n<meta property=\"article:publisher\" content=\"https:\/\/www.facebook.com\/gaspp.b\" \/>\n<meta property=\"article:published_time\" content=\"2023-08-02T04:19:13+00:00\" \/>\n<meta property=\"article:modified_time\" content=\"2025-09-24T10:47:20+00:00\" \/>\n<meta name=\"author\" content=\"jbouanani\" \/>\n<meta name=\"twitter:card\" content=\"summary_large_image\" \/>\n<meta name=\"twitter:label1\" content=\"\u00c9crit par\" \/>\n\t<meta name=\"twitter:data1\" content=\"jbouanani\" \/>\n\t<meta name=\"twitter:label2\" content=\"Dur\u00e9e de lecture estim\u00e9e\" \/>\n\t<meta name=\"twitter:data2\" content=\"1 minute\" \/>\n<script type=\"application\/ld+json\" class=\"yoast-schema-graph\">{\"@context\":\"https:\\\/\\\/schema.org\",\"@graph\":[{\"@type\":\"Article\",\"@id\":\"https:\\\/\\\/www.groupe-aquitain-spp.fr\\\/index.php\\\/2023\\\/08\\\/02\\\/psychosomatique-le-processus-de-psychisation-suite\\\/#article\",\"isPartOf\":{\"@id\":\"https:\\\/\\\/www.groupe-aquitain-spp.fr\\\/index.php\\\/2023\\\/08\\\/02\\\/psychosomatique-le-processus-de-psychisation-suite\\\/\"},\"author\":{\"name\":\"jbouanani\",\"@id\":\"https:\\\/\\\/www.groupe-aquitain-spp.fr\\\/#\\\/schema\\\/person\\\/1c097bd0063afea4711b585b82a9decc\"},\"headline\":\"Psychosomatique\u00a0: Le Processus de psychisation (suite)\",\"datePublished\":\"2023-08-02T04:19:13+00:00\",\"dateModified\":\"2025-09-24T10:47:20+00:00\",\"mainEntityOfPage\":{\"@id\":\"https:\\\/\\\/www.groupe-aquitain-spp.fr\\\/index.php\\\/2023\\\/08\\\/02\\\/psychosomatique-le-processus-de-psychisation-suite\\\/\"},\"wordCount\":6,\"commentCount\":0,\"publisher\":{\"@id\":\"https:\\\/\\\/www.groupe-aquitain-spp.fr\\\/#organization\"},\"articleSection\":[\"S\u00e9minaires\"],\"inLanguage\":\"fr-FR\",\"potentialAction\":[{\"@type\":\"CommentAction\",\"name\":\"Comment\",\"target\":[\"https:\\\/\\\/www.groupe-aquitain-spp.fr\\\/index.php\\\/2023\\\/08\\\/02\\\/psychosomatique-le-processus-de-psychisation-suite\\\/#respond\"]}]},{\"@type\":\"WebPage\",\"@id\":\"https:\\\/\\\/www.groupe-aquitain-spp.fr\\\/index.php\\\/2023\\\/08\\\/02\\\/psychosomatique-le-processus-de-psychisation-suite\\\/\",\"url\":\"https:\\\/\\\/www.groupe-aquitain-spp.fr\\\/index.php\\\/2023\\\/08\\\/02\\\/psychosomatique-le-processus-de-psychisation-suite\\\/\",\"name\":\"Psychosomatique\u00a0: Le Processus de psychisation (suite) - Groupe Aquitain de la Soci\u00e9t\u00e9 Psychanalytique de Paris\",\"isPartOf\":{\"@id\":\"https:\\\/\\\/www.groupe-aquitain-spp.fr\\\/#website\"},\"datePublished\":\"2023-08-02T04:19:13+00:00\",\"dateModified\":\"2025-09-24T10:47:20+00:00\",\"breadcrumb\":{\"@id\":\"https:\\\/\\\/www.groupe-aquitain-spp.fr\\\/index.php\\\/2023\\\/08\\\/02\\\/psychosomatique-le-processus-de-psychisation-suite\\\/#breadcrumb\"},\"inLanguage\":\"fr-FR\",\"potentialAction\":[{\"@type\":\"ReadAction\",\"target\":[\"https:\\\/\\\/www.groupe-aquitain-spp.fr\\\/index.php\\\/2023\\\/08\\\/02\\\/psychosomatique-le-processus-de-psychisation-suite\\\/\"]}]},{\"@type\":\"BreadcrumbList\",\"@id\":\"https:\\\/\\\/www.groupe-aquitain-spp.fr\\\/index.php\\\/2023\\\/08\\\/02\\\/psychosomatique-le-processus-de-psychisation-suite\\\/#breadcrumb\",\"itemListElement\":[{\"@type\":\"ListItem\",\"position\":1,\"name\":\"Accueil\",\"item\":\"https:\\\/\\\/www.groupe-aquitain-spp.fr\\\/\"},{\"@type\":\"ListItem\",\"position\":2,\"name\":\"Psychosomatique\u00a0: Le Processus de psychisation (suite)\"}]},{\"@type\":\"WebSite\",\"@id\":\"https:\\\/\\\/www.groupe-aquitain-spp.fr\\\/#website\",\"url\":\"https:\\\/\\\/www.groupe-aquitain-spp.fr\\\/\",\"name\":\"Groupe Aquitain de la Soci\u00e9t\u00e9 Psychanalytique de Paris\",\"description\":\"Le site du Groupe Aquitain de la SPP\",\"publisher\":{\"@id\":\"https:\\\/\\\/www.groupe-aquitain-spp.fr\\\/#organization\"},\"potentialAction\":[{\"@type\":\"SearchAction\",\"target\":{\"@type\":\"EntryPoint\",\"urlTemplate\":\"https:\\\/\\\/www.groupe-aquitain-spp.fr\\\/?s={search_term_string}\"},\"query-input\":{\"@type\":\"PropertyValueSpecification\",\"valueRequired\":true,\"valueName\":\"search_term_string\"}}],\"inLanguage\":\"fr-FR\"},{\"@type\":\"Organization\",\"@id\":\"https:\\\/\\\/www.groupe-aquitain-spp.fr\\\/#organization\",\"name\":\"Groupe Aquitain de la Soci\u00e9t\u00e9 Psychanalytique de Paris\",\"url\":\"https:\\\/\\\/www.groupe-aquitain-spp.fr\\\/\",\"logo\":{\"@type\":\"ImageObject\",\"inLanguage\":\"fr-FR\",\"@id\":\"https:\\\/\\\/www.groupe-aquitain-spp.fr\\\/#\\\/schema\\\/logo\\\/image\\\/\",\"url\":\"https:\\\/\\\/www.groupe-aquitain-spp.fr\\\/wp-content\\\/uploads\\\/2023\\\/03\\\/logo-gaspp-1024.png\",\"contentUrl\":\"https:\\\/\\\/www.groupe-aquitain-spp.fr\\\/wp-content\\\/uploads\\\/2023\\\/03\\\/logo-gaspp-1024.png\",\"width\":505,\"height\":510,\"caption\":\"Groupe Aquitain de la Soci\u00e9t\u00e9 Psychanalytique de Paris\"},\"image\":{\"@id\":\"https:\\\/\\\/www.groupe-aquitain-spp.fr\\\/#\\\/schema\\\/logo\\\/image\\\/\"},\"sameAs\":[\"https:\\\/\\\/www.facebook.com\\\/gaspp.b\"]},{\"@type\":\"Person\",\"@id\":\"https:\\\/\\\/www.groupe-aquitain-spp.fr\\\/#\\\/schema\\\/person\\\/1c097bd0063afea4711b585b82a9decc\",\"name\":\"jbouanani\",\"image\":{\"@type\":\"ImageObject\",\"inLanguage\":\"fr-FR\",\"@id\":\"https:\\\/\\\/secure.gravatar.com\\\/avatar\\\/29bf14c4d7eb503ea4d66ccbbf228a0f99fc007871bd2cae8b29c5c641d1af48?s=96&d=mm&r=g\",\"url\":\"https:\\\/\\\/secure.gravatar.com\\\/avatar\\\/29bf14c4d7eb503ea4d66ccbbf228a0f99fc007871bd2cae8b29c5c641d1af48?s=96&d=mm&r=g\",\"contentUrl\":\"https:\\\/\\\/secure.gravatar.com\\\/avatar\\\/29bf14c4d7eb503ea4d66ccbbf228a0f99fc007871bd2cae8b29c5c641d1af48?s=96&d=mm&r=g\",\"caption\":\"jbouanani\"},\"sameAs\":[\"http:\\\/\\\/groupe-aquitain-spp.fr\"],\"url\":\"https:\\\/\\\/www.groupe-aquitain-spp.fr\\\/index.php\\\/author\\\/jbouanani\\\/\"}]}<\/script>\n<!-- \/ Yoast SEO plugin. -->","yoast_head_json":{"title":"Psychosomatique\u00a0: Le Processus de psychisation (suite) - Groupe Aquitain de la Soci\u00e9t\u00e9 Psychanalytique de Paris","robots":{"index":"index","follow":"follow","max-snippet":"max-snippet:-1","max-image-preview":"max-image-preview:large","max-video-preview":"max-video-preview:-1"},"canonical":"https:\/\/www.groupe-aquitain-spp.fr\/index.php\/2023\/08\/02\/psychosomatique-le-processus-de-psychisation-suite\/","og_locale":"fr_FR","og_type":"article","og_title":"Psychosomatique\u00a0: Le Processus de psychisation (suite) - Groupe Aquitain de la Soci\u00e9t\u00e9 Psychanalytique de Paris","og_description":"Autour des textes de Freud et d'auteurs plus contemporains, nous continuons notre r\u00e9flexion sur l'assise corporelle et relationnelle de la construction psychique , processus toujours en mouvement. Nous nous inspirerons aussi des travaux actuels sur la psychoth\u00e9rapie psychanalytique corporelle - Huiti\u00e8me ann\u00e9e.","og_url":"https:\/\/www.groupe-aquitain-spp.fr\/index.php\/2023\/08\/02\/psychosomatique-le-processus-de-psychisation-suite\/","og_site_name":"Groupe Aquitain de la Soci\u00e9t\u00e9 Psychanalytique de Paris","article_publisher":"https:\/\/www.facebook.com\/gaspp.b","article_published_time":"2023-08-02T04:19:13+00:00","article_modified_time":"2025-09-24T10:47:20+00:00","author":"jbouanani","twitter_card":"summary_large_image","twitter_misc":{"\u00c9crit par":"jbouanani","Dur\u00e9e de lecture estim\u00e9e":"1 minute"},"schema":{"@context":"https:\/\/schema.org","@graph":[{"@type":"Article","@id":"https:\/\/www.groupe-aquitain-spp.fr\/index.php\/2023\/08\/02\/psychosomatique-le-processus-de-psychisation-suite\/#article","isPartOf":{"@id":"https:\/\/www.groupe-aquitain-spp.fr\/index.php\/2023\/08\/02\/psychosomatique-le-processus-de-psychisation-suite\/"},"author":{"name":"jbouanani","@id":"https:\/\/www.groupe-aquitain-spp.fr\/#\/schema\/person\/1c097bd0063afea4711b585b82a9decc"},"headline":"Psychosomatique\u00a0: Le Processus de psychisation (suite)","datePublished":"2023-08-02T04:19:13+00:00","dateModified":"2025-09-24T10:47:20+00:00","mainEntityOfPage":{"@id":"https:\/\/www.groupe-aquitain-spp.fr\/index.php\/2023\/08\/02\/psychosomatique-le-processus-de-psychisation-suite\/"},"wordCount":6,"commentCount":0,"publisher":{"@id":"https:\/\/www.groupe-aquitain-spp.fr\/#organization"},"articleSection":["S\u00e9minaires"],"inLanguage":"fr-FR","potentialAction":[{"@type":"CommentAction","name":"Comment","target":["https:\/\/www.groupe-aquitain-spp.fr\/index.php\/2023\/08\/02\/psychosomatique-le-processus-de-psychisation-suite\/#respond"]}]},{"@type":"WebPage","@id":"https:\/\/www.groupe-aquitain-spp.fr\/index.php\/2023\/08\/02\/psychosomatique-le-processus-de-psychisation-suite\/","url":"https:\/\/www.groupe-aquitain-spp.fr\/index.php\/2023\/08\/02\/psychosomatique-le-processus-de-psychisation-suite\/","name":"Psychosomatique\u00a0: Le Processus de psychisation (suite) - Groupe Aquitain de la Soci\u00e9t\u00e9 Psychanalytique de Paris","isPartOf":{"@id":"https:\/\/www.groupe-aquitain-spp.fr\/#website"},"datePublished":"2023-08-02T04:19:13+00:00","dateModified":"2025-09-24T10:47:20+00:00","breadcrumb":{"@id":"https:\/\/www.groupe-aquitain-spp.fr\/index.php\/2023\/08\/02\/psychosomatique-le-processus-de-psychisation-suite\/#breadcrumb"},"inLanguage":"fr-FR","potentialAction":[{"@type":"ReadAction","target":["https:\/\/www.groupe-aquitain-spp.fr\/index.php\/2023\/08\/02\/psychosomatique-le-processus-de-psychisation-suite\/"]}]},{"@type":"BreadcrumbList","@id":"https:\/\/www.groupe-aquitain-spp.fr\/index.php\/2023\/08\/02\/psychosomatique-le-processus-de-psychisation-suite\/#breadcrumb","itemListElement":[{"@type":"ListItem","position":1,"name":"Accueil","item":"https:\/\/www.groupe-aquitain-spp.fr\/"},{"@type":"ListItem","position":2,"name":"Psychosomatique\u00a0: Le Processus de psychisation (suite)"}]},{"@type":"WebSite","@id":"https:\/\/www.groupe-aquitain-spp.fr\/#website","url":"https:\/\/www.groupe-aquitain-spp.fr\/","name":"Groupe Aquitain de la Soci\u00e9t\u00e9 Psychanalytique de Paris","description":"Le site du Groupe Aquitain de la SPP","publisher":{"@id":"https:\/\/www.groupe-aquitain-spp.fr\/#organization"},"potentialAction":[{"@type":"SearchAction","target":{"@type":"EntryPoint","urlTemplate":"https:\/\/www.groupe-aquitain-spp.fr\/?s={search_term_string}"},"query-input":{"@type":"PropertyValueSpecification","valueRequired":true,"valueName":"search_term_string"}}],"inLanguage":"fr-FR"},{"@type":"Organization","@id":"https:\/\/www.groupe-aquitain-spp.fr\/#organization","name":"Groupe Aquitain de la Soci\u00e9t\u00e9 Psychanalytique de Paris","url":"https:\/\/www.groupe-aquitain-spp.fr\/","logo":{"@type":"ImageObject","inLanguage":"fr-FR","@id":"https:\/\/www.groupe-aquitain-spp.fr\/#\/schema\/logo\/image\/","url":"https:\/\/www.groupe-aquitain-spp.fr\/wp-content\/uploads\/2023\/03\/logo-gaspp-1024.png","contentUrl":"https:\/\/www.groupe-aquitain-spp.fr\/wp-content\/uploads\/2023\/03\/logo-gaspp-1024.png","width":505,"height":510,"caption":"Groupe Aquitain de la Soci\u00e9t\u00e9 Psychanalytique de Paris"},"image":{"@id":"https:\/\/www.groupe-aquitain-spp.fr\/#\/schema\/logo\/image\/"},"sameAs":["https:\/\/www.facebook.com\/gaspp.b"]},{"@type":"Person","@id":"https:\/\/www.groupe-aquitain-spp.fr\/#\/schema\/person\/1c097bd0063afea4711b585b82a9decc","name":"jbouanani","image":{"@type":"ImageObject","inLanguage":"fr-FR","@id":"https:\/\/secure.gravatar.com\/avatar\/29bf14c4d7eb503ea4d66ccbbf228a0f99fc007871bd2cae8b29c5c641d1af48?s=96&d=mm&r=g","url":"https:\/\/secure.gravatar.com\/avatar\/29bf14c4d7eb503ea4d66ccbbf228a0f99fc007871bd2cae8b29c5c641d1af48?s=96&d=mm&r=g","contentUrl":"https:\/\/secure.gravatar.com\/avatar\/29bf14c4d7eb503ea4d66ccbbf228a0f99fc007871bd2cae8b29c5c641d1af48?s=96&d=mm&r=g","caption":"jbouanani"},"sameAs":["http:\/\/groupe-aquitain-spp.fr"],"url":"https:\/\/www.groupe-aquitain-spp.fr\/index.php\/author\/jbouanani\/"}]}},"_links":{"self":[{"href":"https:\/\/www.groupe-aquitain-spp.fr\/index.php\/wp-json\/wp\/v2\/posts\/33168","targetHints":{"allow":["GET"]}}],"collection":[{"href":"https:\/\/www.groupe-aquitain-spp.fr\/index.php\/wp-json\/wp\/v2\/posts"}],"about":[{"href":"https:\/\/www.groupe-aquitain-spp.fr\/index.php\/wp-json\/wp\/v2\/types\/post"}],"author":[{"embeddable":true,"href":"https:\/\/www.groupe-aquitain-spp.fr\/index.php\/wp-json\/wp\/v2\/users\/1"}],"replies":[{"embeddable":true,"href":"https:\/\/www.groupe-aquitain-spp.fr\/index.php\/wp-json\/wp\/v2\/comments?post=33168"}],"version-history":[{"count":30,"href":"https:\/\/www.groupe-aquitain-spp.fr\/index.php\/wp-json\/wp\/v2\/posts\/33168\/revisions"}],"predecessor-version":[{"id":34188,"href":"https:\/\/www.groupe-aquitain-spp.fr\/index.php\/wp-json\/wp\/v2\/posts\/33168\/revisions\/34188"}],"wp:attachment":[{"href":"https:\/\/www.groupe-aquitain-spp.fr\/index.php\/wp-json\/wp\/v2\/media?parent=33168"}],"wp:term":[{"taxonomy":"category","embeddable":true,"href":"https:\/\/www.groupe-aquitain-spp.fr\/index.php\/wp-json\/wp\/v2\/categories?post=33168"},{"taxonomy":"post_tag","embeddable":true,"href":"https:\/\/www.groupe-aquitain-spp.fr\/index.php\/wp-json\/wp\/v2\/tags?post=33168"},{"taxonomy":"cat_actsci","embeddable":true,"href":"https:\/\/www.groupe-aquitain-spp.fr\/index.php\/wp-json\/wp\/v2\/cat_actsci?post=33168"},{"taxonomy":"paroles-danalyste","embeddable":true,"href":"https:\/\/www.groupe-aquitain-spp.fr\/index.php\/wp-json\/wp\/v2\/paroles-danalyste?post=33168"}],"curies":[{"name":"wp","href":"https:\/\/api.w.org\/{rel}","templated":true}]}}