{"id":33200,"date":"2023-08-02T11:21:56","date_gmt":"2023-08-02T09:21:56","guid":{"rendered":"https:\/\/www.groupe-aquitain-spp.fr\/?p=33200"},"modified":"2025-09-24T13:09:34","modified_gmt":"2025-09-24T11:09:34","slug":"evolution-de-la-pensee-freudienne-de-la-medecine-a-la-psychanalyse-de-lesquisse-a-la-question-de-lanalyse-profane","status":"publish","type":"post","link":"https:\/\/www.groupe-aquitain-spp.fr\/index.php\/2023\/08\/02\/evolution-de-la-pensee-freudienne-de-la-medecine-a-la-psychanalyse-de-lesquisse-a-la-question-de-lanalyse-profane\/","title":{"rendered":"Evolution de la pens\u00e9e Freudienne, de la m\u00e9decine \u00e0 la psychanalyse &#8211; \u00ab\u00a0De l\u2019Esquisse \u00e0 la question de l\u2019analyse profane\u00a0\u00bb."},"content":{"rendered":"R\u00e9flexion th\u00e9orique et clinique \u00e0 partir de : &#8211; La question de l\u2019analyse profane (Freud, 1926)\r\n\r\nBibliographie compl\u00e9mentaire : &#8211; Repenser la psychanalyse avec les sciences, Sylvie et Georges Pragier (2007); Oedipe M\u00e9decin, Paul Denis, (2017) ; Par o\u00f9 commence le corps humain, retour sur la r\u00e9gression, Pierre F\u00e9dida (2000), Psychanalyse de l\u2019informe, Sylvie Le Poulichet (2009), etc.. &#8211; Sixi\u00e8me ann\u00e9e.\r\n\r\n\u00a0\r\n<ul>\r\n \t<li>Nombre de participants maximum : 10 \u00e0 12<\/li>\r\n \t<li>Demande d\u2019inscription par t\u00e9l\u00e9phone aupr\u00e8s du directeur du s\u00e9minaire &#8211; Tel\/fax : 06.84.81.24.98 \u2013 mail : keller.pascal-henri@wanadoo.fr<\/li>\r\n<\/ul>\r\n<!-- \/wp:post-content -->\r\n\r\n<!-- wp:paragraph -->\r\n\r\n<!-- \/wp:paragraph -->\r\n\r\n<!-- wp:paragraph -->\r\n\r\n<!-- \/wp:paragraph -->","protected":false},"excerpt":{"rendered":"<p>R\u00e9flexion th\u00e9orique et clinique \u00e0 partir de :<br \/>\n   &#8211; La question de l\u2019analyse profane (Freud) &#8211; Repenser la psychanalyse avec les sciences ; Oedipe M\u00e9decin, etc..  &#8211; Cinqui\u00e8me ann\u00e9e.<\/p>\n","protected":false},"author":1,"featured_media":0,"comment_status":"open","ping_status":"open","sticky":false,"template":"","format":"standard","meta":{"_acf_changed":false,"footnotes":""},"categories":[16],"tags":[],"cat_actsci":[],"paroles-danalyste":[],"class_list":["post-33200","post","type-post","status-publish","format-standard","hentry","category-seminaires"],"acf":[],"yoast_head":"<!-- This site is optimized with the Yoast SEO plugin v27.5 - https:\/\/yoast.com\/product\/yoast-seo-wordpress\/ -->\n<title>Evolution de la pens\u00e9e Freudienne, de la m\u00e9decine \u00e0 la psychanalyse - \u00ab\u00a0De l\u2019Esquisse \u00e0 la question de l\u2019analyse profane\u00a0\u00bb. - Groupe Aquitain de la Soci\u00e9t\u00e9 Psychanalytique de Paris<\/title>\n<meta name=\"robots\" content=\"index, follow, max-snippet:-1, max-image-preview:large, max-video-preview:-1\" \/>\n<link rel=\"canonical\" href=\"https:\/\/www.groupe-aquitain-spp.fr\/index.php\/2023\/08\/02\/evolution-de-la-pensee-freudienne-de-la-medecine-a-la-psychanalyse-de-lesquisse-a-la-question-de-lanalyse-profane\/\" \/>\n<meta property=\"og:locale\" content=\"fr_FR\" \/>\n<meta property=\"og:type\" content=\"article\" \/>\n<meta property=\"og:title\" content=\"Evolution de la pens\u00e9e Freudienne, de la m\u00e9decine \u00e0 la psychanalyse - \u00ab\u00a0De l\u2019Esquisse \u00e0 la question de l\u2019analyse profane\u00a0\u00bb. - Groupe Aquitain de la Soci\u00e9t\u00e9 Psychanalytique de Paris\" \/>\n<meta property=\"og:description\" content=\"R\u00e9flexion th\u00e9orique et clinique \u00e0 partir de :   - La question de l\u2019analyse profane (Freud) - Repenser la psychanalyse avec les sciences ; Oedipe M\u00e9decin, etc.. - Cinqui\u00e8me ann\u00e9e.\" \/>\n<meta property=\"og:url\" content=\"https:\/\/www.groupe-aquitain-spp.fr\/index.php\/2023\/08\/02\/evolution-de-la-pensee-freudienne-de-la-medecine-a-la-psychanalyse-de-lesquisse-a-la-question-de-lanalyse-profane\/\" \/>\n<meta property=\"og:site_name\" content=\"Groupe Aquitain de la Soci\u00e9t\u00e9 Psychanalytique de Paris\" \/>\n<meta property=\"article:publisher\" content=\"https:\/\/www.facebook.com\/gaspp.b\" \/>\n<meta property=\"article:published_time\" content=\"2023-08-02T09:21:56+00:00\" \/>\n<meta property=\"article:modified_time\" content=\"2025-09-24T11:09:34+00:00\" \/>\n<meta name=\"author\" content=\"jbouanani\" \/>\n<meta name=\"twitter:card\" content=\"summary_large_image\" \/>\n<meta name=\"twitter:label1\" content=\"\u00c9crit par\" \/>\n\t<meta name=\"twitter:data1\" content=\"jbouanani\" \/>\n<script type=\"application\/ld+json\" class=\"yoast-schema-graph\">{\"@context\":\"https:\\\/\\\/schema.org\",\"@graph\":[{\"@type\":\"Article\",\"@id\":\"https:\\\/\\\/www.groupe-aquitain-spp.fr\\\/index.php\\\/2023\\\/08\\\/02\\\/evolution-de-la-pensee-freudienne-de-la-medecine-a-la-psychanalyse-de-lesquisse-a-la-question-de-lanalyse-profane\\\/#article\",\"isPartOf\":{\"@id\":\"https:\\\/\\\/www.groupe-aquitain-spp.fr\\\/index.php\\\/2023\\\/08\\\/02\\\/evolution-de-la-pensee-freudienne-de-la-medecine-a-la-psychanalyse-de-lesquisse-a-la-question-de-lanalyse-profane\\\/\"},\"author\":{\"name\":\"jbouanani\",\"@id\":\"https:\\\/\\\/www.groupe-aquitain-spp.fr\\\/#\\\/schema\\\/person\\\/1c097bd0063afea4711b585b82a9decc\"},\"headline\":\"Evolution de la pens\u00e9e Freudienne, de la m\u00e9decine \u00e0 la psychanalyse &#8211; \u00ab\u00a0De l\u2019Esquisse \u00e0 la question de l\u2019analyse profane\u00a0\u00bb.\",\"datePublished\":\"2023-08-02T09:21:56+00:00\",\"dateModified\":\"2025-09-24T11:09:34+00:00\",\"mainEntityOfPage\":{\"@id\":\"https:\\\/\\\/www.groupe-aquitain-spp.fr\\\/index.php\\\/2023\\\/08\\\/02\\\/evolution-de-la-pensee-freudienne-de-la-medecine-a-la-psychanalyse-de-lesquisse-a-la-question-de-lanalyse-profane\\\/\"},\"wordCount\":110,\"commentCount\":0,\"publisher\":{\"@id\":\"https:\\\/\\\/www.groupe-aquitain-spp.fr\\\/#organization\"},\"articleSection\":[\"S\u00e9minaires\"],\"inLanguage\":\"fr-FR\",\"potentialAction\":[{\"@type\":\"CommentAction\",\"name\":\"Comment\",\"target\":[\"https:\\\/\\\/www.groupe-aquitain-spp.fr\\\/index.php\\\/2023\\\/08\\\/02\\\/evolution-de-la-pensee-freudienne-de-la-medecine-a-la-psychanalyse-de-lesquisse-a-la-question-de-lanalyse-profane\\\/#respond\"]}]},{\"@type\":\"WebPage\",\"@id\":\"https:\\\/\\\/www.groupe-aquitain-spp.fr\\\/index.php\\\/2023\\\/08\\\/02\\\/evolution-de-la-pensee-freudienne-de-la-medecine-a-la-psychanalyse-de-lesquisse-a-la-question-de-lanalyse-profane\\\/\",\"url\":\"https:\\\/\\\/www.groupe-aquitain-spp.fr\\\/index.php\\\/2023\\\/08\\\/02\\\/evolution-de-la-pensee-freudienne-de-la-medecine-a-la-psychanalyse-de-lesquisse-a-la-question-de-lanalyse-profane\\\/\",\"name\":\"Evolution de la pens\u00e9e Freudienne, de la m\u00e9decine \u00e0 la psychanalyse - \u00ab\u00a0De l\u2019Esquisse \u00e0 la question de l\u2019analyse profane\u00a0\u00bb. - Groupe Aquitain de la Soci\u00e9t\u00e9 Psychanalytique de Paris\",\"isPartOf\":{\"@id\":\"https:\\\/\\\/www.groupe-aquitain-spp.fr\\\/#website\"},\"datePublished\":\"2023-08-02T09:21:56+00:00\",\"dateModified\":\"2025-09-24T11:09:34+00:00\",\"breadcrumb\":{\"@id\":\"https:\\\/\\\/www.groupe-aquitain-spp.fr\\\/index.php\\\/2023\\\/08\\\/02\\\/evolution-de-la-pensee-freudienne-de-la-medecine-a-la-psychanalyse-de-lesquisse-a-la-question-de-lanalyse-profane\\\/#breadcrumb\"},\"inLanguage\":\"fr-FR\",\"potentialAction\":[{\"@type\":\"ReadAction\",\"target\":[\"https:\\\/\\\/www.groupe-aquitain-spp.fr\\\/index.php\\\/2023\\\/08\\\/02\\\/evolution-de-la-pensee-freudienne-de-la-medecine-a-la-psychanalyse-de-lesquisse-a-la-question-de-lanalyse-profane\\\/\"]}]},{\"@type\":\"BreadcrumbList\",\"@id\":\"https:\\\/\\\/www.groupe-aquitain-spp.fr\\\/index.php\\\/2023\\\/08\\\/02\\\/evolution-de-la-pensee-freudienne-de-la-medecine-a-la-psychanalyse-de-lesquisse-a-la-question-de-lanalyse-profane\\\/#breadcrumb\",\"itemListElement\":[{\"@type\":\"ListItem\",\"position\":1,\"name\":\"Accueil\",\"item\":\"https:\\\/\\\/www.groupe-aquitain-spp.fr\\\/\"},{\"@type\":\"ListItem\",\"position\":2,\"name\":\"Evolution de la pens\u00e9e Freudienne, de la m\u00e9decine \u00e0 la psychanalyse &#8211; \u00ab\u00a0De l\u2019Esquisse \u00e0 la question de l\u2019analyse profane\u00a0\u00bb.\"}]},{\"@type\":\"WebSite\",\"@id\":\"https:\\\/\\\/www.groupe-aquitain-spp.fr\\\/#website\",\"url\":\"https:\\\/\\\/www.groupe-aquitain-spp.fr\\\/\",\"name\":\"Groupe Aquitain de la Soci\u00e9t\u00e9 Psychanalytique de Paris\",\"description\":\"Le site du Groupe Aquitain de la SPP\",\"publisher\":{\"@id\":\"https:\\\/\\\/www.groupe-aquitain-spp.fr\\\/#organization\"},\"potentialAction\":[{\"@type\":\"SearchAction\",\"target\":{\"@type\":\"EntryPoint\",\"urlTemplate\":\"https:\\\/\\\/www.groupe-aquitain-spp.fr\\\/?s={search_term_string}\"},\"query-input\":{\"@type\":\"PropertyValueSpecification\",\"valueRequired\":true,\"valueName\":\"search_term_string\"}}],\"inLanguage\":\"fr-FR\"},{\"@type\":\"Organization\",\"@id\":\"https:\\\/\\\/www.groupe-aquitain-spp.fr\\\/#organization\",\"name\":\"Groupe Aquitain de la Soci\u00e9t\u00e9 Psychanalytique de Paris\",\"url\":\"https:\\\/\\\/www.groupe-aquitain-spp.fr\\\/\",\"logo\":{\"@type\":\"ImageObject\",\"inLanguage\":\"fr-FR\",\"@id\":\"https:\\\/\\\/www.groupe-aquitain-spp.fr\\\/#\\\/schema\\\/logo\\\/image\\\/\",\"url\":\"https:\\\/\\\/www.groupe-aquitain-spp.fr\\\/wp-content\\\/uploads\\\/2023\\\/03\\\/logo-gaspp-1024.png\",\"contentUrl\":\"https:\\\/\\\/www.groupe-aquitain-spp.fr\\\/wp-content\\\/uploads\\\/2023\\\/03\\\/logo-gaspp-1024.png\",\"width\":505,\"height\":510,\"caption\":\"Groupe Aquitain de la Soci\u00e9t\u00e9 Psychanalytique de Paris\"},\"image\":{\"@id\":\"https:\\\/\\\/www.groupe-aquitain-spp.fr\\\/#\\\/schema\\\/logo\\\/image\\\/\"},\"sameAs\":[\"https:\\\/\\\/www.facebook.com\\\/gaspp.b\"]},{\"@type\":\"Person\",\"@id\":\"https:\\\/\\\/www.groupe-aquitain-spp.fr\\\/#\\\/schema\\\/person\\\/1c097bd0063afea4711b585b82a9decc\",\"name\":\"jbouanani\",\"image\":{\"@type\":\"ImageObject\",\"inLanguage\":\"fr-FR\",\"@id\":\"https:\\\/\\\/secure.gravatar.com\\\/avatar\\\/29bf14c4d7eb503ea4d66ccbbf228a0f99fc007871bd2cae8b29c5c641d1af48?s=96&d=mm&r=g\",\"url\":\"https:\\\/\\\/secure.gravatar.com\\\/avatar\\\/29bf14c4d7eb503ea4d66ccbbf228a0f99fc007871bd2cae8b29c5c641d1af48?s=96&d=mm&r=g\",\"contentUrl\":\"https:\\\/\\\/secure.gravatar.com\\\/avatar\\\/29bf14c4d7eb503ea4d66ccbbf228a0f99fc007871bd2cae8b29c5c641d1af48?s=96&d=mm&r=g\",\"caption\":\"jbouanani\"},\"sameAs\":[\"http:\\\/\\\/groupe-aquitain-spp.fr\"],\"url\":\"https:\\\/\\\/www.groupe-aquitain-spp.fr\\\/index.php\\\/author\\\/jbouanani\\\/\"}]}<\/script>\n<!-- \/ Yoast SEO plugin. -->","yoast_head_json":{"title":"Evolution de la pens\u00e9e Freudienne, de la m\u00e9decine \u00e0 la psychanalyse - \u00ab\u00a0De l\u2019Esquisse \u00e0 la question de l\u2019analyse profane\u00a0\u00bb. - Groupe Aquitain de la Soci\u00e9t\u00e9 Psychanalytique de Paris","robots":{"index":"index","follow":"follow","max-snippet":"max-snippet:-1","max-image-preview":"max-image-preview:large","max-video-preview":"max-video-preview:-1"},"canonical":"https:\/\/www.groupe-aquitain-spp.fr\/index.php\/2023\/08\/02\/evolution-de-la-pensee-freudienne-de-la-medecine-a-la-psychanalyse-de-lesquisse-a-la-question-de-lanalyse-profane\/","og_locale":"fr_FR","og_type":"article","og_title":"Evolution de la pens\u00e9e Freudienne, de la m\u00e9decine \u00e0 la psychanalyse - \u00ab\u00a0De l\u2019Esquisse \u00e0 la question de l\u2019analyse profane\u00a0\u00bb. - Groupe Aquitain de la Soci\u00e9t\u00e9 Psychanalytique de Paris","og_description":"R\u00e9flexion th\u00e9orique et clinique \u00e0 partir de :   - La question de l\u2019analyse profane (Freud) - Repenser la psychanalyse avec les sciences ; Oedipe M\u00e9decin, etc.. - Cinqui\u00e8me ann\u00e9e.","og_url":"https:\/\/www.groupe-aquitain-spp.fr\/index.php\/2023\/08\/02\/evolution-de-la-pensee-freudienne-de-la-medecine-a-la-psychanalyse-de-lesquisse-a-la-question-de-lanalyse-profane\/","og_site_name":"Groupe Aquitain de la Soci\u00e9t\u00e9 Psychanalytique de Paris","article_publisher":"https:\/\/www.facebook.com\/gaspp.b","article_published_time":"2023-08-02T09:21:56+00:00","article_modified_time":"2025-09-24T11:09:34+00:00","author":"jbouanani","twitter_card":"summary_large_image","twitter_misc":{"\u00c9crit par":"jbouanani"},"schema":{"@context":"https:\/\/schema.org","@graph":[{"@type":"Article","@id":"https:\/\/www.groupe-aquitain-spp.fr\/index.php\/2023\/08\/02\/evolution-de-la-pensee-freudienne-de-la-medecine-a-la-psychanalyse-de-lesquisse-a-la-question-de-lanalyse-profane\/#article","isPartOf":{"@id":"https:\/\/www.groupe-aquitain-spp.fr\/index.php\/2023\/08\/02\/evolution-de-la-pensee-freudienne-de-la-medecine-a-la-psychanalyse-de-lesquisse-a-la-question-de-lanalyse-profane\/"},"author":{"name":"jbouanani","@id":"https:\/\/www.groupe-aquitain-spp.fr\/#\/schema\/person\/1c097bd0063afea4711b585b82a9decc"},"headline":"Evolution de la pens\u00e9e Freudienne, de la m\u00e9decine \u00e0 la psychanalyse &#8211; \u00ab\u00a0De l\u2019Esquisse \u00e0 la question de l\u2019analyse profane\u00a0\u00bb.","datePublished":"2023-08-02T09:21:56+00:00","dateModified":"2025-09-24T11:09:34+00:00","mainEntityOfPage":{"@id":"https:\/\/www.groupe-aquitain-spp.fr\/index.php\/2023\/08\/02\/evolution-de-la-pensee-freudienne-de-la-medecine-a-la-psychanalyse-de-lesquisse-a-la-question-de-lanalyse-profane\/"},"wordCount":110,"commentCount":0,"publisher":{"@id":"https:\/\/www.groupe-aquitain-spp.fr\/#organization"},"articleSection":["S\u00e9minaires"],"inLanguage":"fr-FR","potentialAction":[{"@type":"CommentAction","name":"Comment","target":["https:\/\/www.groupe-aquitain-spp.fr\/index.php\/2023\/08\/02\/evolution-de-la-pensee-freudienne-de-la-medecine-a-la-psychanalyse-de-lesquisse-a-la-question-de-lanalyse-profane\/#respond"]}]},{"@type":"WebPage","@id":"https:\/\/www.groupe-aquitain-spp.fr\/index.php\/2023\/08\/02\/evolution-de-la-pensee-freudienne-de-la-medecine-a-la-psychanalyse-de-lesquisse-a-la-question-de-lanalyse-profane\/","url":"https:\/\/www.groupe-aquitain-spp.fr\/index.php\/2023\/08\/02\/evolution-de-la-pensee-freudienne-de-la-medecine-a-la-psychanalyse-de-lesquisse-a-la-question-de-lanalyse-profane\/","name":"Evolution de la pens\u00e9e Freudienne, de la m\u00e9decine \u00e0 la psychanalyse - \u00ab\u00a0De l\u2019Esquisse \u00e0 la question de l\u2019analyse profane\u00a0\u00bb. - Groupe Aquitain de la Soci\u00e9t\u00e9 Psychanalytique de Paris","isPartOf":{"@id":"https:\/\/www.groupe-aquitain-spp.fr\/#website"},"datePublished":"2023-08-02T09:21:56+00:00","dateModified":"2025-09-24T11:09:34+00:00","breadcrumb":{"@id":"https:\/\/www.groupe-aquitain-spp.fr\/index.php\/2023\/08\/02\/evolution-de-la-pensee-freudienne-de-la-medecine-a-la-psychanalyse-de-lesquisse-a-la-question-de-lanalyse-profane\/#breadcrumb"},"inLanguage":"fr-FR","potentialAction":[{"@type":"ReadAction","target":["https:\/\/www.groupe-aquitain-spp.fr\/index.php\/2023\/08\/02\/evolution-de-la-pensee-freudienne-de-la-medecine-a-la-psychanalyse-de-lesquisse-a-la-question-de-lanalyse-profane\/"]}]},{"@type":"BreadcrumbList","@id":"https:\/\/www.groupe-aquitain-spp.fr\/index.php\/2023\/08\/02\/evolution-de-la-pensee-freudienne-de-la-medecine-a-la-psychanalyse-de-lesquisse-a-la-question-de-lanalyse-profane\/#breadcrumb","itemListElement":[{"@type":"ListItem","position":1,"name":"Accueil","item":"https:\/\/www.groupe-aquitain-spp.fr\/"},{"@type":"ListItem","position":2,"name":"Evolution de la pens\u00e9e Freudienne, de la m\u00e9decine \u00e0 la psychanalyse &#8211; \u00ab\u00a0De l\u2019Esquisse \u00e0 la question de l\u2019analyse profane\u00a0\u00bb."}]},{"@type":"WebSite","@id":"https:\/\/www.groupe-aquitain-spp.fr\/#website","url":"https:\/\/www.groupe-aquitain-spp.fr\/","name":"Groupe Aquitain de la Soci\u00e9t\u00e9 Psychanalytique de Paris","description":"Le site du Groupe Aquitain de la SPP","publisher":{"@id":"https:\/\/www.groupe-aquitain-spp.fr\/#organization"},"potentialAction":[{"@type":"SearchAction","target":{"@type":"EntryPoint","urlTemplate":"https:\/\/www.groupe-aquitain-spp.fr\/?s={search_term_string}"},"query-input":{"@type":"PropertyValueSpecification","valueRequired":true,"valueName":"search_term_string"}}],"inLanguage":"fr-FR"},{"@type":"Organization","@id":"https:\/\/www.groupe-aquitain-spp.fr\/#organization","name":"Groupe Aquitain de la Soci\u00e9t\u00e9 Psychanalytique de Paris","url":"https:\/\/www.groupe-aquitain-spp.fr\/","logo":{"@type":"ImageObject","inLanguage":"fr-FR","@id":"https:\/\/www.groupe-aquitain-spp.fr\/#\/schema\/logo\/image\/","url":"https:\/\/www.groupe-aquitain-spp.fr\/wp-content\/uploads\/2023\/03\/logo-gaspp-1024.png","contentUrl":"https:\/\/www.groupe-aquitain-spp.fr\/wp-content\/uploads\/2023\/03\/logo-gaspp-1024.png","width":505,"height":510,"caption":"Groupe Aquitain de la Soci\u00e9t\u00e9 Psychanalytique de Paris"},"image":{"@id":"https:\/\/www.groupe-aquitain-spp.fr\/#\/schema\/logo\/image\/"},"sameAs":["https:\/\/www.facebook.com\/gaspp.b"]},{"@type":"Person","@id":"https:\/\/www.groupe-aquitain-spp.fr\/#\/schema\/person\/1c097bd0063afea4711b585b82a9decc","name":"jbouanani","image":{"@type":"ImageObject","inLanguage":"fr-FR","@id":"https:\/\/secure.gravatar.com\/avatar\/29bf14c4d7eb503ea4d66ccbbf228a0f99fc007871bd2cae8b29c5c641d1af48?s=96&d=mm&r=g","url":"https:\/\/secure.gravatar.com\/avatar\/29bf14c4d7eb503ea4d66ccbbf228a0f99fc007871bd2cae8b29c5c641d1af48?s=96&d=mm&r=g","contentUrl":"https:\/\/secure.gravatar.com\/avatar\/29bf14c4d7eb503ea4d66ccbbf228a0f99fc007871bd2cae8b29c5c641d1af48?s=96&d=mm&r=g","caption":"jbouanani"},"sameAs":["http:\/\/groupe-aquitain-spp.fr"],"url":"https:\/\/www.groupe-aquitain-spp.fr\/index.php\/author\/jbouanani\/"}]}},"_links":{"self":[{"href":"https:\/\/www.groupe-aquitain-spp.fr\/index.php\/wp-json\/wp\/v2\/posts\/33200","targetHints":{"allow":["GET"]}}],"collection":[{"href":"https:\/\/www.groupe-aquitain-spp.fr\/index.php\/wp-json\/wp\/v2\/posts"}],"about":[{"href":"https:\/\/www.groupe-aquitain-spp.fr\/index.php\/wp-json\/wp\/v2\/types\/post"}],"author":[{"embeddable":true,"href":"https:\/\/www.groupe-aquitain-spp.fr\/index.php\/wp-json\/wp\/v2\/users\/1"}],"replies":[{"embeddable":true,"href":"https:\/\/www.groupe-aquitain-spp.fr\/index.php\/wp-json\/wp\/v2\/comments?post=33200"}],"version-history":[{"count":4,"href":"https:\/\/www.groupe-aquitain-spp.fr\/index.php\/wp-json\/wp\/v2\/posts\/33200\/revisions"}],"predecessor-version":[{"id":34196,"href":"https:\/\/www.groupe-aquitain-spp.fr\/index.php\/wp-json\/wp\/v2\/posts\/33200\/revisions\/34196"}],"wp:attachment":[{"href":"https:\/\/www.groupe-aquitain-spp.fr\/index.php\/wp-json\/wp\/v2\/media?parent=33200"}],"wp:term":[{"taxonomy":"category","embeddable":true,"href":"https:\/\/www.groupe-aquitain-spp.fr\/index.php\/wp-json\/wp\/v2\/categories?post=33200"},{"taxonomy":"post_tag","embeddable":true,"href":"https:\/\/www.groupe-aquitain-spp.fr\/index.php\/wp-json\/wp\/v2\/tags?post=33200"},{"taxonomy":"cat_actsci","embeddable":true,"href":"https:\/\/www.groupe-aquitain-spp.fr\/index.php\/wp-json\/wp\/v2\/cat_actsci?post=33200"},{"taxonomy":"paroles-danalyste","embeddable":true,"href":"https:\/\/www.groupe-aquitain-spp.fr\/index.php\/wp-json\/wp\/v2\/paroles-danalyste?post=33200"}],"curies":[{"name":"wp","href":"https:\/\/api.w.org\/{rel}","templated":true}]}}