{"id":33205,"date":"2023-08-02T11:35:45","date_gmt":"2023-08-02T09:35:45","guid":{"rendered":"https:\/\/www.groupe-aquitain-spp.fr\/?p=33205"},"modified":"2025-09-24T20:53:48","modified_gmt":"2025-09-24T18:53:48","slug":"seminaire-de-psychanalyse-de-lenfant-et-de-ladolescent-adolescence-et-corps","status":"publish","type":"post","link":"https:\/\/www.groupe-aquitain-spp.fr\/index.php\/2023\/08\/02\/seminaire-de-psychanalyse-de-lenfant-et-de-ladolescent-adolescence-et-corps\/","title":{"rendered":"S\u00e9minaire de psychanalyse de l\u2019enfant et de l\u2019adolescent &#8211; \u00ab Adolescence et corps \u00bb"},"content":{"rendered":"","protected":false},"excerpt":{"rendered":"<p>Pr\u00e9sentation d\u2019un texte th\u00e9orico-clinique par l\u2019un des participants, discussion, et si possible pr\u00e9sentation d\u2019une situation clinique. Depuis septembre 2022 ont \u00e9t\u00e9 \u00e9tudi\u00e9s les ouvrages d\u2019Annie Birraux \u00ab L\u2019adolescent face \u00e0 son corps \u00bb, de Diran Donab\u00e9dian \u00ab L\u2019adolescent et son corps \u00bb et le chapitre 11 intitul\u00e9 \u00ab L\u2019adolescence et ses crises \u00bb de Ren\u00e9 Roussillon  du Manuel de psychologie et de psychopathologie clinique g\u00e9n\u00e9rale &#8211; 10\u00e8me ann\u00e9e.<\/p>\n","protected":false},"author":1,"featured_media":0,"comment_status":"open","ping_status":"open","sticky":false,"template":"","format":"standard","meta":{"_acf_changed":false,"footnotes":""},"categories":[16],"tags":[],"cat_actsci":[],"paroles-danalyste":[],"class_list":["post-33205","post","type-post","status-publish","format-standard","hentry","category-seminaires"],"acf":[],"yoast_head":"<!-- This site is optimized with the Yoast SEO plugin v27.5 - https:\/\/yoast.com\/product\/yoast-seo-wordpress\/ -->\n<title>S\u00e9minaire de psychanalyse de l\u2019enfant et de l\u2019adolescent - \u00ab Adolescence et corps \u00bb - Groupe Aquitain de la Soci\u00e9t\u00e9 Psychanalytique de Paris<\/title>\n<meta name=\"robots\" content=\"index, follow, max-snippet:-1, max-image-preview:large, max-video-preview:-1\" \/>\n<link rel=\"canonical\" href=\"https:\/\/www.groupe-aquitain-spp.fr\/index.php\/2023\/08\/02\/seminaire-de-psychanalyse-de-lenfant-et-de-ladolescent-adolescence-et-corps\/\" \/>\n<meta property=\"og:locale\" content=\"fr_FR\" \/>\n<meta property=\"og:type\" content=\"article\" \/>\n<meta property=\"og:title\" content=\"S\u00e9minaire de psychanalyse de l\u2019enfant et de l\u2019adolescent - \u00ab Adolescence et corps \u00bb - Groupe Aquitain de la Soci\u00e9t\u00e9 Psychanalytique de Paris\" \/>\n<meta property=\"og:description\" content=\"Pr\u00e9sentation d\u2019un texte th\u00e9orico-clinique par l\u2019un des participants, discussion, et si possible pr\u00e9sentation d\u2019une situation clinique. Depuis septembre 2022 ont \u00e9t\u00e9 \u00e9tudi\u00e9s les ouvrages d\u2019Annie Birraux \u00ab L\u2019adolescent face \u00e0 son corps \u00bb, de Diran Donab\u00e9dian \u00ab L\u2019adolescent et son corps \u00bb et le chapitre 11 intitul\u00e9 \u00ab L\u2019adolescence et ses crises \u00bb de Ren\u00e9 Roussillon du Manuel de psychologie et de psychopathologie clinique g\u00e9n\u00e9rale - 10\u00e8me ann\u00e9e.\" \/>\n<meta property=\"og:url\" content=\"https:\/\/www.groupe-aquitain-spp.fr\/index.php\/2023\/08\/02\/seminaire-de-psychanalyse-de-lenfant-et-de-ladolescent-adolescence-et-corps\/\" \/>\n<meta property=\"og:site_name\" content=\"Groupe Aquitain de la Soci\u00e9t\u00e9 Psychanalytique de Paris\" \/>\n<meta property=\"article:publisher\" content=\"https:\/\/www.facebook.com\/gaspp.b\" \/>\n<meta property=\"article:published_time\" content=\"2023-08-02T09:35:45+00:00\" \/>\n<meta property=\"article:modified_time\" content=\"2025-09-24T18:53:48+00:00\" \/>\n<meta name=\"author\" content=\"jbouanani\" \/>\n<meta name=\"twitter:card\" content=\"summary_large_image\" \/>\n<meta name=\"twitter:label1\" content=\"\u00c9crit par\" \/>\n\t<meta name=\"twitter:data1\" content=\"jbouanani\" \/>\n\t<meta name=\"twitter:label2\" content=\"Dur\u00e9e de lecture estim\u00e9e\" \/>\n\t<meta name=\"twitter:data2\" content=\"1 minute\" \/>\n<script type=\"application\/ld+json\" class=\"yoast-schema-graph\">{\"@context\":\"https:\\\/\\\/schema.org\",\"@graph\":[{\"@type\":\"Article\",\"@id\":\"https:\\\/\\\/www.groupe-aquitain-spp.fr\\\/index.php\\\/2023\\\/08\\\/02\\\/seminaire-de-psychanalyse-de-lenfant-et-de-ladolescent-adolescence-et-corps\\\/#article\",\"isPartOf\":{\"@id\":\"https:\\\/\\\/www.groupe-aquitain-spp.fr\\\/index.php\\\/2023\\\/08\\\/02\\\/seminaire-de-psychanalyse-de-lenfant-et-de-ladolescent-adolescence-et-corps\\\/\"},\"author\":{\"name\":\"jbouanani\",\"@id\":\"https:\\\/\\\/www.groupe-aquitain-spp.fr\\\/#\\\/schema\\\/person\\\/1c097bd0063afea4711b585b82a9decc\"},\"headline\":\"S\u00e9minaire de psychanalyse de l\u2019enfant et de l\u2019adolescent &#8211; \u00ab Adolescence et corps \u00bb\",\"datePublished\":\"2023-08-02T09:35:45+00:00\",\"dateModified\":\"2025-09-24T18:53:48+00:00\",\"mainEntityOfPage\":{\"@id\":\"https:\\\/\\\/www.groupe-aquitain-spp.fr\\\/index.php\\\/2023\\\/08\\\/02\\\/seminaire-de-psychanalyse-de-lenfant-et-de-ladolescent-adolescence-et-corps\\\/\"},\"wordCount\":15,\"commentCount\":0,\"publisher\":{\"@id\":\"https:\\\/\\\/www.groupe-aquitain-spp.fr\\\/#organization\"},\"articleSection\":[\"S\u00e9minaires\"],\"inLanguage\":\"fr-FR\",\"potentialAction\":[{\"@type\":\"CommentAction\",\"name\":\"Comment\",\"target\":[\"https:\\\/\\\/www.groupe-aquitain-spp.fr\\\/index.php\\\/2023\\\/08\\\/02\\\/seminaire-de-psychanalyse-de-lenfant-et-de-ladolescent-adolescence-et-corps\\\/#respond\"]}]},{\"@type\":\"WebPage\",\"@id\":\"https:\\\/\\\/www.groupe-aquitain-spp.fr\\\/index.php\\\/2023\\\/08\\\/02\\\/seminaire-de-psychanalyse-de-lenfant-et-de-ladolescent-adolescence-et-corps\\\/\",\"url\":\"https:\\\/\\\/www.groupe-aquitain-spp.fr\\\/index.php\\\/2023\\\/08\\\/02\\\/seminaire-de-psychanalyse-de-lenfant-et-de-ladolescent-adolescence-et-corps\\\/\",\"name\":\"S\u00e9minaire de psychanalyse de l\u2019enfant et de l\u2019adolescent - \u00ab Adolescence et corps \u00bb - Groupe Aquitain de la Soci\u00e9t\u00e9 Psychanalytique de Paris\",\"isPartOf\":{\"@id\":\"https:\\\/\\\/www.groupe-aquitain-spp.fr\\\/#website\"},\"datePublished\":\"2023-08-02T09:35:45+00:00\",\"dateModified\":\"2025-09-24T18:53:48+00:00\",\"breadcrumb\":{\"@id\":\"https:\\\/\\\/www.groupe-aquitain-spp.fr\\\/index.php\\\/2023\\\/08\\\/02\\\/seminaire-de-psychanalyse-de-lenfant-et-de-ladolescent-adolescence-et-corps\\\/#breadcrumb\"},\"inLanguage\":\"fr-FR\",\"potentialAction\":[{\"@type\":\"ReadAction\",\"target\":[\"https:\\\/\\\/www.groupe-aquitain-spp.fr\\\/index.php\\\/2023\\\/08\\\/02\\\/seminaire-de-psychanalyse-de-lenfant-et-de-ladolescent-adolescence-et-corps\\\/\"]}]},{\"@type\":\"BreadcrumbList\",\"@id\":\"https:\\\/\\\/www.groupe-aquitain-spp.fr\\\/index.php\\\/2023\\\/08\\\/02\\\/seminaire-de-psychanalyse-de-lenfant-et-de-ladolescent-adolescence-et-corps\\\/#breadcrumb\",\"itemListElement\":[{\"@type\":\"ListItem\",\"position\":1,\"name\":\"Accueil\",\"item\":\"https:\\\/\\\/www.groupe-aquitain-spp.fr\\\/\"},{\"@type\":\"ListItem\",\"position\":2,\"name\":\"S\u00e9minaire de psychanalyse de l\u2019enfant et de l\u2019adolescent &#8211; \u00ab Adolescence et corps \u00bb\"}]},{\"@type\":\"WebSite\",\"@id\":\"https:\\\/\\\/www.groupe-aquitain-spp.fr\\\/#website\",\"url\":\"https:\\\/\\\/www.groupe-aquitain-spp.fr\\\/\",\"name\":\"Groupe Aquitain de la Soci\u00e9t\u00e9 Psychanalytique de Paris\",\"description\":\"Le site du Groupe Aquitain de la SPP\",\"publisher\":{\"@id\":\"https:\\\/\\\/www.groupe-aquitain-spp.fr\\\/#organization\"},\"potentialAction\":[{\"@type\":\"SearchAction\",\"target\":{\"@type\":\"EntryPoint\",\"urlTemplate\":\"https:\\\/\\\/www.groupe-aquitain-spp.fr\\\/?s={search_term_string}\"},\"query-input\":{\"@type\":\"PropertyValueSpecification\",\"valueRequired\":true,\"valueName\":\"search_term_string\"}}],\"inLanguage\":\"fr-FR\"},{\"@type\":\"Organization\",\"@id\":\"https:\\\/\\\/www.groupe-aquitain-spp.fr\\\/#organization\",\"name\":\"Groupe Aquitain de la Soci\u00e9t\u00e9 Psychanalytique de Paris\",\"url\":\"https:\\\/\\\/www.groupe-aquitain-spp.fr\\\/\",\"logo\":{\"@type\":\"ImageObject\",\"inLanguage\":\"fr-FR\",\"@id\":\"https:\\\/\\\/www.groupe-aquitain-spp.fr\\\/#\\\/schema\\\/logo\\\/image\\\/\",\"url\":\"https:\\\/\\\/www.groupe-aquitain-spp.fr\\\/wp-content\\\/uploads\\\/2023\\\/03\\\/logo-gaspp-1024.png\",\"contentUrl\":\"https:\\\/\\\/www.groupe-aquitain-spp.fr\\\/wp-content\\\/uploads\\\/2023\\\/03\\\/logo-gaspp-1024.png\",\"width\":505,\"height\":510,\"caption\":\"Groupe Aquitain de la Soci\u00e9t\u00e9 Psychanalytique de Paris\"},\"image\":{\"@id\":\"https:\\\/\\\/www.groupe-aquitain-spp.fr\\\/#\\\/schema\\\/logo\\\/image\\\/\"},\"sameAs\":[\"https:\\\/\\\/www.facebook.com\\\/gaspp.b\"]},{\"@type\":\"Person\",\"@id\":\"https:\\\/\\\/www.groupe-aquitain-spp.fr\\\/#\\\/schema\\\/person\\\/1c097bd0063afea4711b585b82a9decc\",\"name\":\"jbouanani\",\"image\":{\"@type\":\"ImageObject\",\"inLanguage\":\"fr-FR\",\"@id\":\"https:\\\/\\\/secure.gravatar.com\\\/avatar\\\/29bf14c4d7eb503ea4d66ccbbf228a0f99fc007871bd2cae8b29c5c641d1af48?s=96&d=mm&r=g\",\"url\":\"https:\\\/\\\/secure.gravatar.com\\\/avatar\\\/29bf14c4d7eb503ea4d66ccbbf228a0f99fc007871bd2cae8b29c5c641d1af48?s=96&d=mm&r=g\",\"contentUrl\":\"https:\\\/\\\/secure.gravatar.com\\\/avatar\\\/29bf14c4d7eb503ea4d66ccbbf228a0f99fc007871bd2cae8b29c5c641d1af48?s=96&d=mm&r=g\",\"caption\":\"jbouanani\"},\"sameAs\":[\"http:\\\/\\\/groupe-aquitain-spp.fr\"],\"url\":\"https:\\\/\\\/www.groupe-aquitain-spp.fr\\\/index.php\\\/author\\\/jbouanani\\\/\"}]}<\/script>\n<!-- \/ Yoast SEO plugin. -->","yoast_head_json":{"title":"S\u00e9minaire de psychanalyse de l\u2019enfant et de l\u2019adolescent - \u00ab Adolescence et corps \u00bb - Groupe Aquitain de la Soci\u00e9t\u00e9 Psychanalytique de Paris","robots":{"index":"index","follow":"follow","max-snippet":"max-snippet:-1","max-image-preview":"max-image-preview:large","max-video-preview":"max-video-preview:-1"},"canonical":"https:\/\/www.groupe-aquitain-spp.fr\/index.php\/2023\/08\/02\/seminaire-de-psychanalyse-de-lenfant-et-de-ladolescent-adolescence-et-corps\/","og_locale":"fr_FR","og_type":"article","og_title":"S\u00e9minaire de psychanalyse de l\u2019enfant et de l\u2019adolescent - \u00ab Adolescence et corps \u00bb - Groupe Aquitain de la Soci\u00e9t\u00e9 Psychanalytique de Paris","og_description":"Pr\u00e9sentation d\u2019un texte th\u00e9orico-clinique par l\u2019un des participants, discussion, et si possible pr\u00e9sentation d\u2019une situation clinique. Depuis septembre 2022 ont \u00e9t\u00e9 \u00e9tudi\u00e9s les ouvrages d\u2019Annie Birraux \u00ab L\u2019adolescent face \u00e0 son corps \u00bb, de Diran Donab\u00e9dian \u00ab L\u2019adolescent et son corps \u00bb et le chapitre 11 intitul\u00e9 \u00ab L\u2019adolescence et ses crises \u00bb de Ren\u00e9 Roussillon du Manuel de psychologie et de psychopathologie clinique g\u00e9n\u00e9rale - 10\u00e8me ann\u00e9e.","og_url":"https:\/\/www.groupe-aquitain-spp.fr\/index.php\/2023\/08\/02\/seminaire-de-psychanalyse-de-lenfant-et-de-ladolescent-adolescence-et-corps\/","og_site_name":"Groupe Aquitain de la Soci\u00e9t\u00e9 Psychanalytique de Paris","article_publisher":"https:\/\/www.facebook.com\/gaspp.b","article_published_time":"2023-08-02T09:35:45+00:00","article_modified_time":"2025-09-24T18:53:48+00:00","author":"jbouanani","twitter_card":"summary_large_image","twitter_misc":{"\u00c9crit par":"jbouanani","Dur\u00e9e de lecture estim\u00e9e":"1 minute"},"schema":{"@context":"https:\/\/schema.org","@graph":[{"@type":"Article","@id":"https:\/\/www.groupe-aquitain-spp.fr\/index.php\/2023\/08\/02\/seminaire-de-psychanalyse-de-lenfant-et-de-ladolescent-adolescence-et-corps\/#article","isPartOf":{"@id":"https:\/\/www.groupe-aquitain-spp.fr\/index.php\/2023\/08\/02\/seminaire-de-psychanalyse-de-lenfant-et-de-ladolescent-adolescence-et-corps\/"},"author":{"name":"jbouanani","@id":"https:\/\/www.groupe-aquitain-spp.fr\/#\/schema\/person\/1c097bd0063afea4711b585b82a9decc"},"headline":"S\u00e9minaire de psychanalyse de l\u2019enfant et de l\u2019adolescent &#8211; \u00ab Adolescence et corps \u00bb","datePublished":"2023-08-02T09:35:45+00:00","dateModified":"2025-09-24T18:53:48+00:00","mainEntityOfPage":{"@id":"https:\/\/www.groupe-aquitain-spp.fr\/index.php\/2023\/08\/02\/seminaire-de-psychanalyse-de-lenfant-et-de-ladolescent-adolescence-et-corps\/"},"wordCount":15,"commentCount":0,"publisher":{"@id":"https:\/\/www.groupe-aquitain-spp.fr\/#organization"},"articleSection":["S\u00e9minaires"],"inLanguage":"fr-FR","potentialAction":[{"@type":"CommentAction","name":"Comment","target":["https:\/\/www.groupe-aquitain-spp.fr\/index.php\/2023\/08\/02\/seminaire-de-psychanalyse-de-lenfant-et-de-ladolescent-adolescence-et-corps\/#respond"]}]},{"@type":"WebPage","@id":"https:\/\/www.groupe-aquitain-spp.fr\/index.php\/2023\/08\/02\/seminaire-de-psychanalyse-de-lenfant-et-de-ladolescent-adolescence-et-corps\/","url":"https:\/\/www.groupe-aquitain-spp.fr\/index.php\/2023\/08\/02\/seminaire-de-psychanalyse-de-lenfant-et-de-ladolescent-adolescence-et-corps\/","name":"S\u00e9minaire de psychanalyse de l\u2019enfant et de l\u2019adolescent - \u00ab Adolescence et corps \u00bb - Groupe Aquitain de la Soci\u00e9t\u00e9 Psychanalytique de Paris","isPartOf":{"@id":"https:\/\/www.groupe-aquitain-spp.fr\/#website"},"datePublished":"2023-08-02T09:35:45+00:00","dateModified":"2025-09-24T18:53:48+00:00","breadcrumb":{"@id":"https:\/\/www.groupe-aquitain-spp.fr\/index.php\/2023\/08\/02\/seminaire-de-psychanalyse-de-lenfant-et-de-ladolescent-adolescence-et-corps\/#breadcrumb"},"inLanguage":"fr-FR","potentialAction":[{"@type":"ReadAction","target":["https:\/\/www.groupe-aquitain-spp.fr\/index.php\/2023\/08\/02\/seminaire-de-psychanalyse-de-lenfant-et-de-ladolescent-adolescence-et-corps\/"]}]},{"@type":"BreadcrumbList","@id":"https:\/\/www.groupe-aquitain-spp.fr\/index.php\/2023\/08\/02\/seminaire-de-psychanalyse-de-lenfant-et-de-ladolescent-adolescence-et-corps\/#breadcrumb","itemListElement":[{"@type":"ListItem","position":1,"name":"Accueil","item":"https:\/\/www.groupe-aquitain-spp.fr\/"},{"@type":"ListItem","position":2,"name":"S\u00e9minaire de psychanalyse de l\u2019enfant et de l\u2019adolescent &#8211; \u00ab Adolescence et corps \u00bb"}]},{"@type":"WebSite","@id":"https:\/\/www.groupe-aquitain-spp.fr\/#website","url":"https:\/\/www.groupe-aquitain-spp.fr\/","name":"Groupe Aquitain de la Soci\u00e9t\u00e9 Psychanalytique de Paris","description":"Le site du Groupe Aquitain de la SPP","publisher":{"@id":"https:\/\/www.groupe-aquitain-spp.fr\/#organization"},"potentialAction":[{"@type":"SearchAction","target":{"@type":"EntryPoint","urlTemplate":"https:\/\/www.groupe-aquitain-spp.fr\/?s={search_term_string}"},"query-input":{"@type":"PropertyValueSpecification","valueRequired":true,"valueName":"search_term_string"}}],"inLanguage":"fr-FR"},{"@type":"Organization","@id":"https:\/\/www.groupe-aquitain-spp.fr\/#organization","name":"Groupe Aquitain de la Soci\u00e9t\u00e9 Psychanalytique de Paris","url":"https:\/\/www.groupe-aquitain-spp.fr\/","logo":{"@type":"ImageObject","inLanguage":"fr-FR","@id":"https:\/\/www.groupe-aquitain-spp.fr\/#\/schema\/logo\/image\/","url":"https:\/\/www.groupe-aquitain-spp.fr\/wp-content\/uploads\/2023\/03\/logo-gaspp-1024.png","contentUrl":"https:\/\/www.groupe-aquitain-spp.fr\/wp-content\/uploads\/2023\/03\/logo-gaspp-1024.png","width":505,"height":510,"caption":"Groupe Aquitain de la Soci\u00e9t\u00e9 Psychanalytique de Paris"},"image":{"@id":"https:\/\/www.groupe-aquitain-spp.fr\/#\/schema\/logo\/image\/"},"sameAs":["https:\/\/www.facebook.com\/gaspp.b"]},{"@type":"Person","@id":"https:\/\/www.groupe-aquitain-spp.fr\/#\/schema\/person\/1c097bd0063afea4711b585b82a9decc","name":"jbouanani","image":{"@type":"ImageObject","inLanguage":"fr-FR","@id":"https:\/\/secure.gravatar.com\/avatar\/29bf14c4d7eb503ea4d66ccbbf228a0f99fc007871bd2cae8b29c5c641d1af48?s=96&d=mm&r=g","url":"https:\/\/secure.gravatar.com\/avatar\/29bf14c4d7eb503ea4d66ccbbf228a0f99fc007871bd2cae8b29c5c641d1af48?s=96&d=mm&r=g","contentUrl":"https:\/\/secure.gravatar.com\/avatar\/29bf14c4d7eb503ea4d66ccbbf228a0f99fc007871bd2cae8b29c5c641d1af48?s=96&d=mm&r=g","caption":"jbouanani"},"sameAs":["http:\/\/groupe-aquitain-spp.fr"],"url":"https:\/\/www.groupe-aquitain-spp.fr\/index.php\/author\/jbouanani\/"}]}},"_links":{"self":[{"href":"https:\/\/www.groupe-aquitain-spp.fr\/index.php\/wp-json\/wp\/v2\/posts\/33205","targetHints":{"allow":["GET"]}}],"collection":[{"href":"https:\/\/www.groupe-aquitain-spp.fr\/index.php\/wp-json\/wp\/v2\/posts"}],"about":[{"href":"https:\/\/www.groupe-aquitain-spp.fr\/index.php\/wp-json\/wp\/v2\/types\/post"}],"author":[{"embeddable":true,"href":"https:\/\/www.groupe-aquitain-spp.fr\/index.php\/wp-json\/wp\/v2\/users\/1"}],"replies":[{"embeddable":true,"href":"https:\/\/www.groupe-aquitain-spp.fr\/index.php\/wp-json\/wp\/v2\/comments?post=33205"}],"version-history":[{"count":9,"href":"https:\/\/www.groupe-aquitain-spp.fr\/index.php\/wp-json\/wp\/v2\/posts\/33205\/revisions"}],"predecessor-version":[{"id":34204,"href":"https:\/\/www.groupe-aquitain-spp.fr\/index.php\/wp-json\/wp\/v2\/posts\/33205\/revisions\/34204"}],"wp:attachment":[{"href":"https:\/\/www.groupe-aquitain-spp.fr\/index.php\/wp-json\/wp\/v2\/media?parent=33205"}],"wp:term":[{"taxonomy":"category","embeddable":true,"href":"https:\/\/www.groupe-aquitain-spp.fr\/index.php\/wp-json\/wp\/v2\/categories?post=33205"},{"taxonomy":"post_tag","embeddable":true,"href":"https:\/\/www.groupe-aquitain-spp.fr\/index.php\/wp-json\/wp\/v2\/tags?post=33205"},{"taxonomy":"cat_actsci","embeddable":true,"href":"https:\/\/www.groupe-aquitain-spp.fr\/index.php\/wp-json\/wp\/v2\/cat_actsci?post=33205"},{"taxonomy":"paroles-danalyste","embeddable":true,"href":"https:\/\/www.groupe-aquitain-spp.fr\/index.php\/wp-json\/wp\/v2\/paroles-danalyste?post=33205"}],"curies":[{"name":"wp","href":"https:\/\/api.w.org\/{rel}","templated":true}]}}