{"id":33207,"date":"2023-08-02T11:42:14","date_gmt":"2023-08-02T09:42:14","guid":{"rendered":"https:\/\/www.groupe-aquitain-spp.fr\/?p=33207"},"modified":"2024-12-03T15:22:28","modified_gmt":"2024-12-03T14:22:28","slug":"groupes-et-psychodrame-processus-identificatoire-a-loeuvre","status":"publish","type":"post","link":"https:\/\/www.groupe-aquitain-spp.fr\/index.php\/2023\/08\/02\/groupes-et-psychodrame-processus-identificatoire-a-loeuvre\/","title":{"rendered":"\u00ab Processus identificatoire \u00e0 l\u2019\u0153uvre \u00bb (Poursuite du th\u00e8me : 2\u00e8me ann\u00e9e)"},"content":{"rendered":"<p>S\u00e9minaire ouvert aux praticiens des th\u00e9rapies de groupe et des psychodrames.<br \/>\nGroupe de travail th\u00e9orico-clinique \u00e0 partir des textes et de l\u2019exp\u00e9rience clinique des participants.<br \/>\nS\u00e9minaire ouvert depuis 2002<br \/>\nNombre de participants :12<br \/>\nDemande d\u2019inscription par t\u00e9l\u00e9phone de la directrice du s\u00e9minaire<br \/>\nChez M. SLOMSKA-SCHMITT<br \/>\n64, Bd Wilson, 33 000 Bordeaux<br \/>\nT\u00e9l : 06.03.85.06.94<\/p>\n","protected":false},"excerpt":{"rendered":"<p>S\u00e9minaire ouvert aux praticiens des th\u00e9rapies de groupe et des psychodrames. Groupe de travail th\u00e9orico-clinique \u00e0 partir des textes et de l\u2019exp\u00e9rience clinique des participants &#8211; S\u00e9minaire ouvert depuis 2002<\/p>\n","protected":false},"author":1,"featured_media":0,"comment_status":"open","ping_status":"open","sticky":false,"template":"","format":"standard","meta":{"_acf_changed":false,"footnotes":""},"categories":[16],"tags":[],"cat_actsci":[],"paroles-danalyste":[],"class_list":["post-33207","post","type-post","status-publish","format-standard","hentry","category-seminaires"],"acf":[],"yoast_head":"<!-- This site is optimized with the Yoast SEO plugin v27.5 - https:\/\/yoast.com\/product\/yoast-seo-wordpress\/ -->\n<title>\u00ab Processus identificatoire \u00e0 l\u2019\u0153uvre \u00bb (Poursuite du th\u00e8me : 2\u00e8me ann\u00e9e) - Groupe Aquitain de la Soci\u00e9t\u00e9 Psychanalytique de Paris<\/title>\n<meta name=\"robots\" content=\"index, follow, max-snippet:-1, max-image-preview:large, max-video-preview:-1\" \/>\n<link rel=\"canonical\" href=\"https:\/\/www.groupe-aquitain-spp.fr\/index.php\/2023\/08\/02\/groupes-et-psychodrame-processus-identificatoire-a-loeuvre\/\" \/>\n<meta property=\"og:locale\" content=\"fr_FR\" \/>\n<meta property=\"og:type\" content=\"article\" \/>\n<meta property=\"og:title\" content=\"\u00ab Processus identificatoire \u00e0 l\u2019\u0153uvre \u00bb (Poursuite du th\u00e8me : 2\u00e8me ann\u00e9e) - Groupe Aquitain de la Soci\u00e9t\u00e9 Psychanalytique de Paris\" \/>\n<meta property=\"og:description\" content=\"S\u00e9minaire ouvert aux praticiens des th\u00e9rapies de groupe et des psychodrames. Groupe de travail th\u00e9orico-clinique \u00e0 partir des textes et de l\u2019exp\u00e9rience clinique des participants - S\u00e9minaire ouvert depuis 2002\" \/>\n<meta property=\"og:url\" content=\"https:\/\/www.groupe-aquitain-spp.fr\/index.php\/2023\/08\/02\/groupes-et-psychodrame-processus-identificatoire-a-loeuvre\/\" \/>\n<meta property=\"og:site_name\" content=\"Groupe Aquitain de la Soci\u00e9t\u00e9 Psychanalytique de Paris\" \/>\n<meta property=\"article:publisher\" content=\"https:\/\/www.facebook.com\/gaspp.b\" \/>\n<meta property=\"article:published_time\" content=\"2023-08-02T09:42:14+00:00\" \/>\n<meta property=\"article:modified_time\" content=\"2024-12-03T14:22:28+00:00\" \/>\n<meta name=\"author\" content=\"jbouanani\" \/>\n<meta name=\"twitter:card\" content=\"summary_large_image\" \/>\n<meta name=\"twitter:label1\" content=\"\u00c9crit par\" \/>\n\t<meta name=\"twitter:data1\" content=\"jbouanani\" \/>\n<script type=\"application\/ld+json\" class=\"yoast-schema-graph\">{\"@context\":\"https:\\\/\\\/schema.org\",\"@graph\":[{\"@type\":\"Article\",\"@id\":\"https:\\\/\\\/www.groupe-aquitain-spp.fr\\\/index.php\\\/2023\\\/08\\\/02\\\/groupes-et-psychodrame-processus-identificatoire-a-loeuvre\\\/#article\",\"isPartOf\":{\"@id\":\"https:\\\/\\\/www.groupe-aquitain-spp.fr\\\/index.php\\\/2023\\\/08\\\/02\\\/groupes-et-psychodrame-processus-identificatoire-a-loeuvre\\\/\"},\"author\":{\"name\":\"jbouanani\",\"@id\":\"https:\\\/\\\/www.groupe-aquitain-spp.fr\\\/#\\\/schema\\\/person\\\/1c097bd0063afea4711b585b82a9decc\"},\"headline\":\"\u00ab Processus identificatoire \u00e0 l\u2019\u0153uvre \u00bb (Poursuite du th\u00e8me : 2\u00e8me ann\u00e9e)\",\"datePublished\":\"2023-08-02T09:42:14+00:00\",\"dateModified\":\"2024-12-03T14:22:28+00:00\",\"mainEntityOfPage\":{\"@id\":\"https:\\\/\\\/www.groupe-aquitain-spp.fr\\\/index.php\\\/2023\\\/08\\\/02\\\/groupes-et-psychodrame-processus-identificatoire-a-loeuvre\\\/\"},\"wordCount\":68,\"commentCount\":0,\"publisher\":{\"@id\":\"https:\\\/\\\/www.groupe-aquitain-spp.fr\\\/#organization\"},\"articleSection\":[\"S\u00e9minaires\"],\"inLanguage\":\"fr-FR\",\"potentialAction\":[{\"@type\":\"CommentAction\",\"name\":\"Comment\",\"target\":[\"https:\\\/\\\/www.groupe-aquitain-spp.fr\\\/index.php\\\/2023\\\/08\\\/02\\\/groupes-et-psychodrame-processus-identificatoire-a-loeuvre\\\/#respond\"]}]},{\"@type\":\"WebPage\",\"@id\":\"https:\\\/\\\/www.groupe-aquitain-spp.fr\\\/index.php\\\/2023\\\/08\\\/02\\\/groupes-et-psychodrame-processus-identificatoire-a-loeuvre\\\/\",\"url\":\"https:\\\/\\\/www.groupe-aquitain-spp.fr\\\/index.php\\\/2023\\\/08\\\/02\\\/groupes-et-psychodrame-processus-identificatoire-a-loeuvre\\\/\",\"name\":\"\u00ab Processus identificatoire \u00e0 l\u2019\u0153uvre \u00bb (Poursuite du th\u00e8me : 2\u00e8me ann\u00e9e) - Groupe Aquitain de la Soci\u00e9t\u00e9 Psychanalytique de Paris\",\"isPartOf\":{\"@id\":\"https:\\\/\\\/www.groupe-aquitain-spp.fr\\\/#website\"},\"datePublished\":\"2023-08-02T09:42:14+00:00\",\"dateModified\":\"2024-12-03T14:22:28+00:00\",\"breadcrumb\":{\"@id\":\"https:\\\/\\\/www.groupe-aquitain-spp.fr\\\/index.php\\\/2023\\\/08\\\/02\\\/groupes-et-psychodrame-processus-identificatoire-a-loeuvre\\\/#breadcrumb\"},\"inLanguage\":\"fr-FR\",\"potentialAction\":[{\"@type\":\"ReadAction\",\"target\":[\"https:\\\/\\\/www.groupe-aquitain-spp.fr\\\/index.php\\\/2023\\\/08\\\/02\\\/groupes-et-psychodrame-processus-identificatoire-a-loeuvre\\\/\"]}]},{\"@type\":\"BreadcrumbList\",\"@id\":\"https:\\\/\\\/www.groupe-aquitain-spp.fr\\\/index.php\\\/2023\\\/08\\\/02\\\/groupes-et-psychodrame-processus-identificatoire-a-loeuvre\\\/#breadcrumb\",\"itemListElement\":[{\"@type\":\"ListItem\",\"position\":1,\"name\":\"Accueil\",\"item\":\"https:\\\/\\\/www.groupe-aquitain-spp.fr\\\/\"},{\"@type\":\"ListItem\",\"position\":2,\"name\":\"\u00ab Processus identificatoire \u00e0 l\u2019\u0153uvre \u00bb (Poursuite du th\u00e8me : 2\u00e8me ann\u00e9e)\"}]},{\"@type\":\"WebSite\",\"@id\":\"https:\\\/\\\/www.groupe-aquitain-spp.fr\\\/#website\",\"url\":\"https:\\\/\\\/www.groupe-aquitain-spp.fr\\\/\",\"name\":\"Groupe Aquitain de la Soci\u00e9t\u00e9 Psychanalytique de Paris\",\"description\":\"Le site du Groupe Aquitain de la SPP\",\"publisher\":{\"@id\":\"https:\\\/\\\/www.groupe-aquitain-spp.fr\\\/#organization\"},\"potentialAction\":[{\"@type\":\"SearchAction\",\"target\":{\"@type\":\"EntryPoint\",\"urlTemplate\":\"https:\\\/\\\/www.groupe-aquitain-spp.fr\\\/?s={search_term_string}\"},\"query-input\":{\"@type\":\"PropertyValueSpecification\",\"valueRequired\":true,\"valueName\":\"search_term_string\"}}],\"inLanguage\":\"fr-FR\"},{\"@type\":\"Organization\",\"@id\":\"https:\\\/\\\/www.groupe-aquitain-spp.fr\\\/#organization\",\"name\":\"Groupe Aquitain de la Soci\u00e9t\u00e9 Psychanalytique de Paris\",\"url\":\"https:\\\/\\\/www.groupe-aquitain-spp.fr\\\/\",\"logo\":{\"@type\":\"ImageObject\",\"inLanguage\":\"fr-FR\",\"@id\":\"https:\\\/\\\/www.groupe-aquitain-spp.fr\\\/#\\\/schema\\\/logo\\\/image\\\/\",\"url\":\"https:\\\/\\\/www.groupe-aquitain-spp.fr\\\/wp-content\\\/uploads\\\/2023\\\/03\\\/logo-gaspp-1024.png\",\"contentUrl\":\"https:\\\/\\\/www.groupe-aquitain-spp.fr\\\/wp-content\\\/uploads\\\/2023\\\/03\\\/logo-gaspp-1024.png\",\"width\":505,\"height\":510,\"caption\":\"Groupe Aquitain de la Soci\u00e9t\u00e9 Psychanalytique de Paris\"},\"image\":{\"@id\":\"https:\\\/\\\/www.groupe-aquitain-spp.fr\\\/#\\\/schema\\\/logo\\\/image\\\/\"},\"sameAs\":[\"https:\\\/\\\/www.facebook.com\\\/gaspp.b\"]},{\"@type\":\"Person\",\"@id\":\"https:\\\/\\\/www.groupe-aquitain-spp.fr\\\/#\\\/schema\\\/person\\\/1c097bd0063afea4711b585b82a9decc\",\"name\":\"jbouanani\",\"image\":{\"@type\":\"ImageObject\",\"inLanguage\":\"fr-FR\",\"@id\":\"https:\\\/\\\/secure.gravatar.com\\\/avatar\\\/29bf14c4d7eb503ea4d66ccbbf228a0f99fc007871bd2cae8b29c5c641d1af48?s=96&d=mm&r=g\",\"url\":\"https:\\\/\\\/secure.gravatar.com\\\/avatar\\\/29bf14c4d7eb503ea4d66ccbbf228a0f99fc007871bd2cae8b29c5c641d1af48?s=96&d=mm&r=g\",\"contentUrl\":\"https:\\\/\\\/secure.gravatar.com\\\/avatar\\\/29bf14c4d7eb503ea4d66ccbbf228a0f99fc007871bd2cae8b29c5c641d1af48?s=96&d=mm&r=g\",\"caption\":\"jbouanani\"},\"sameAs\":[\"http:\\\/\\\/groupe-aquitain-spp.fr\"],\"url\":\"https:\\\/\\\/www.groupe-aquitain-spp.fr\\\/index.php\\\/author\\\/jbouanani\\\/\"}]}<\/script>\n<!-- \/ Yoast SEO plugin. -->","yoast_head_json":{"title":"\u00ab Processus identificatoire \u00e0 l\u2019\u0153uvre \u00bb (Poursuite du th\u00e8me : 2\u00e8me ann\u00e9e) - Groupe Aquitain de la Soci\u00e9t\u00e9 Psychanalytique de Paris","robots":{"index":"index","follow":"follow","max-snippet":"max-snippet:-1","max-image-preview":"max-image-preview:large","max-video-preview":"max-video-preview:-1"},"canonical":"https:\/\/www.groupe-aquitain-spp.fr\/index.php\/2023\/08\/02\/groupes-et-psychodrame-processus-identificatoire-a-loeuvre\/","og_locale":"fr_FR","og_type":"article","og_title":"\u00ab Processus identificatoire \u00e0 l\u2019\u0153uvre \u00bb (Poursuite du th\u00e8me : 2\u00e8me ann\u00e9e) - Groupe Aquitain de la Soci\u00e9t\u00e9 Psychanalytique de Paris","og_description":"S\u00e9minaire ouvert aux praticiens des th\u00e9rapies de groupe et des psychodrames. Groupe de travail th\u00e9orico-clinique \u00e0 partir des textes et de l\u2019exp\u00e9rience clinique des participants - S\u00e9minaire ouvert depuis 2002","og_url":"https:\/\/www.groupe-aquitain-spp.fr\/index.php\/2023\/08\/02\/groupes-et-psychodrame-processus-identificatoire-a-loeuvre\/","og_site_name":"Groupe Aquitain de la Soci\u00e9t\u00e9 Psychanalytique de Paris","article_publisher":"https:\/\/www.facebook.com\/gaspp.b","article_published_time":"2023-08-02T09:42:14+00:00","article_modified_time":"2024-12-03T14:22:28+00:00","author":"jbouanani","twitter_card":"summary_large_image","twitter_misc":{"\u00c9crit par":"jbouanani"},"schema":{"@context":"https:\/\/schema.org","@graph":[{"@type":"Article","@id":"https:\/\/www.groupe-aquitain-spp.fr\/index.php\/2023\/08\/02\/groupes-et-psychodrame-processus-identificatoire-a-loeuvre\/#article","isPartOf":{"@id":"https:\/\/www.groupe-aquitain-spp.fr\/index.php\/2023\/08\/02\/groupes-et-psychodrame-processus-identificatoire-a-loeuvre\/"},"author":{"name":"jbouanani","@id":"https:\/\/www.groupe-aquitain-spp.fr\/#\/schema\/person\/1c097bd0063afea4711b585b82a9decc"},"headline":"\u00ab Processus identificatoire \u00e0 l\u2019\u0153uvre \u00bb (Poursuite du th\u00e8me : 2\u00e8me ann\u00e9e)","datePublished":"2023-08-02T09:42:14+00:00","dateModified":"2024-12-03T14:22:28+00:00","mainEntityOfPage":{"@id":"https:\/\/www.groupe-aquitain-spp.fr\/index.php\/2023\/08\/02\/groupes-et-psychodrame-processus-identificatoire-a-loeuvre\/"},"wordCount":68,"commentCount":0,"publisher":{"@id":"https:\/\/www.groupe-aquitain-spp.fr\/#organization"},"articleSection":["S\u00e9minaires"],"inLanguage":"fr-FR","potentialAction":[{"@type":"CommentAction","name":"Comment","target":["https:\/\/www.groupe-aquitain-spp.fr\/index.php\/2023\/08\/02\/groupes-et-psychodrame-processus-identificatoire-a-loeuvre\/#respond"]}]},{"@type":"WebPage","@id":"https:\/\/www.groupe-aquitain-spp.fr\/index.php\/2023\/08\/02\/groupes-et-psychodrame-processus-identificatoire-a-loeuvre\/","url":"https:\/\/www.groupe-aquitain-spp.fr\/index.php\/2023\/08\/02\/groupes-et-psychodrame-processus-identificatoire-a-loeuvre\/","name":"\u00ab Processus identificatoire \u00e0 l\u2019\u0153uvre \u00bb (Poursuite du th\u00e8me : 2\u00e8me ann\u00e9e) - Groupe Aquitain de la Soci\u00e9t\u00e9 Psychanalytique de Paris","isPartOf":{"@id":"https:\/\/www.groupe-aquitain-spp.fr\/#website"},"datePublished":"2023-08-02T09:42:14+00:00","dateModified":"2024-12-03T14:22:28+00:00","breadcrumb":{"@id":"https:\/\/www.groupe-aquitain-spp.fr\/index.php\/2023\/08\/02\/groupes-et-psychodrame-processus-identificatoire-a-loeuvre\/#breadcrumb"},"inLanguage":"fr-FR","potentialAction":[{"@type":"ReadAction","target":["https:\/\/www.groupe-aquitain-spp.fr\/index.php\/2023\/08\/02\/groupes-et-psychodrame-processus-identificatoire-a-loeuvre\/"]}]},{"@type":"BreadcrumbList","@id":"https:\/\/www.groupe-aquitain-spp.fr\/index.php\/2023\/08\/02\/groupes-et-psychodrame-processus-identificatoire-a-loeuvre\/#breadcrumb","itemListElement":[{"@type":"ListItem","position":1,"name":"Accueil","item":"https:\/\/www.groupe-aquitain-spp.fr\/"},{"@type":"ListItem","position":2,"name":"\u00ab Processus identificatoire \u00e0 l\u2019\u0153uvre \u00bb (Poursuite du th\u00e8me : 2\u00e8me ann\u00e9e)"}]},{"@type":"WebSite","@id":"https:\/\/www.groupe-aquitain-spp.fr\/#website","url":"https:\/\/www.groupe-aquitain-spp.fr\/","name":"Groupe Aquitain de la Soci\u00e9t\u00e9 Psychanalytique de Paris","description":"Le site du Groupe Aquitain de la SPP","publisher":{"@id":"https:\/\/www.groupe-aquitain-spp.fr\/#organization"},"potentialAction":[{"@type":"SearchAction","target":{"@type":"EntryPoint","urlTemplate":"https:\/\/www.groupe-aquitain-spp.fr\/?s={search_term_string}"},"query-input":{"@type":"PropertyValueSpecification","valueRequired":true,"valueName":"search_term_string"}}],"inLanguage":"fr-FR"},{"@type":"Organization","@id":"https:\/\/www.groupe-aquitain-spp.fr\/#organization","name":"Groupe Aquitain de la Soci\u00e9t\u00e9 Psychanalytique de Paris","url":"https:\/\/www.groupe-aquitain-spp.fr\/","logo":{"@type":"ImageObject","inLanguage":"fr-FR","@id":"https:\/\/www.groupe-aquitain-spp.fr\/#\/schema\/logo\/image\/","url":"https:\/\/www.groupe-aquitain-spp.fr\/wp-content\/uploads\/2023\/03\/logo-gaspp-1024.png","contentUrl":"https:\/\/www.groupe-aquitain-spp.fr\/wp-content\/uploads\/2023\/03\/logo-gaspp-1024.png","width":505,"height":510,"caption":"Groupe Aquitain de la Soci\u00e9t\u00e9 Psychanalytique de Paris"},"image":{"@id":"https:\/\/www.groupe-aquitain-spp.fr\/#\/schema\/logo\/image\/"},"sameAs":["https:\/\/www.facebook.com\/gaspp.b"]},{"@type":"Person","@id":"https:\/\/www.groupe-aquitain-spp.fr\/#\/schema\/person\/1c097bd0063afea4711b585b82a9decc","name":"jbouanani","image":{"@type":"ImageObject","inLanguage":"fr-FR","@id":"https:\/\/secure.gravatar.com\/avatar\/29bf14c4d7eb503ea4d66ccbbf228a0f99fc007871bd2cae8b29c5c641d1af48?s=96&d=mm&r=g","url":"https:\/\/secure.gravatar.com\/avatar\/29bf14c4d7eb503ea4d66ccbbf228a0f99fc007871bd2cae8b29c5c641d1af48?s=96&d=mm&r=g","contentUrl":"https:\/\/secure.gravatar.com\/avatar\/29bf14c4d7eb503ea4d66ccbbf228a0f99fc007871bd2cae8b29c5c641d1af48?s=96&d=mm&r=g","caption":"jbouanani"},"sameAs":["http:\/\/groupe-aquitain-spp.fr"],"url":"https:\/\/www.groupe-aquitain-spp.fr\/index.php\/author\/jbouanani\/"}]}},"_links":{"self":[{"href":"https:\/\/www.groupe-aquitain-spp.fr\/index.php\/wp-json\/wp\/v2\/posts\/33207","targetHints":{"allow":["GET"]}}],"collection":[{"href":"https:\/\/www.groupe-aquitain-spp.fr\/index.php\/wp-json\/wp\/v2\/posts"}],"about":[{"href":"https:\/\/www.groupe-aquitain-spp.fr\/index.php\/wp-json\/wp\/v2\/types\/post"}],"author":[{"embeddable":true,"href":"https:\/\/www.groupe-aquitain-spp.fr\/index.php\/wp-json\/wp\/v2\/users\/1"}],"replies":[{"embeddable":true,"href":"https:\/\/www.groupe-aquitain-spp.fr\/index.php\/wp-json\/wp\/v2\/comments?post=33207"}],"version-history":[{"count":4,"href":"https:\/\/www.groupe-aquitain-spp.fr\/index.php\/wp-json\/wp\/v2\/posts\/33207\/revisions"}],"predecessor-version":[{"id":33620,"href":"https:\/\/www.groupe-aquitain-spp.fr\/index.php\/wp-json\/wp\/v2\/posts\/33207\/revisions\/33620"}],"wp:attachment":[{"href":"https:\/\/www.groupe-aquitain-spp.fr\/index.php\/wp-json\/wp\/v2\/media?parent=33207"}],"wp:term":[{"taxonomy":"category","embeddable":true,"href":"https:\/\/www.groupe-aquitain-spp.fr\/index.php\/wp-json\/wp\/v2\/categories?post=33207"},{"taxonomy":"post_tag","embeddable":true,"href":"https:\/\/www.groupe-aquitain-spp.fr\/index.php\/wp-json\/wp\/v2\/tags?post=33207"},{"taxonomy":"cat_actsci","embeddable":true,"href":"https:\/\/www.groupe-aquitain-spp.fr\/index.php\/wp-json\/wp\/v2\/cat_actsci?post=33207"},{"taxonomy":"paroles-danalyste","embeddable":true,"href":"https:\/\/www.groupe-aquitain-spp.fr\/index.php\/wp-json\/wp\/v2\/paroles-danalyste?post=33207"}],"curies":[{"name":"wp","href":"https:\/\/api.w.org\/{rel}","templated":true}]}}